{"id":8863,"date":"2021-02-08T14:18:23","date_gmt":"2021-02-08T17:18:23","guid":{"rendered":"https:\/\/tdibrasil.org\/?p=8863"},"modified":"2021-02-08T14:20:55","modified_gmt":"2021-02-08T17:20:55","slug":"por-que-os-criticos-deturpam-o-design-inteligente","status":"publish","type":"post","link":"https:\/\/tdibrasil.org\/index.php\/2021\/02\/08\/por-que-os-criticos-deturpam-o-design-inteligente\/","title":{"rendered":"Por que os Cr\u00edticos Deturpam o Design Inteligente?"},"content":{"rendered":"<figure id=\"attachment_8866\" aria-describedby=\"caption-attachment-8866\" style=\"width: 640px\" class=\"wp-caption aligncenter\"><img loading=\"lazy\" decoding=\"async\" class=\"size-full wp-image-8866\" src=\"https:\/\/tdibrasil.org\/wp-content\/uploads\/2021\/02\/grapsus_grapsus.jpg\" alt=\"\" width=\"640\" height=\"360\" srcset=\"https:\/\/tdibrasil.org\/wp-content\/uploads\/2021\/02\/grapsus_grapsus.jpg 640w, https:\/\/tdibrasil.org\/wp-content\/uploads\/2021\/02\/grapsus_grapsus-300x169.jpg 300w, https:\/\/tdibrasil.org\/wp-content\/uploads\/2021\/02\/grapsus_grapsus-600x338.jpg 600w\" sizes=\"(max-width: 640px) 100vw, 640px\" \/><figcaption id=\"caption-attachment-8866\" class=\"wp-caption-text\"><center>Ilustra\u00e7\u00e3o.<\/center><\/figcaption><\/figure>\n<hr \/>\n<p>Por <strong>Casey Luskin<\/strong><\/p>\n<p style=\"text-align: justify;\">Nos \u00faltimos dias, tenho examinado um <a href=\"https:\/\/www.researchgate.net\/publication\/348758491_Biology_teachers'_conceptions_of_Humankind_Origin_across_secular_and_religious_countries_an_international_comparison\" target=\"_blank\" rel=\"noopener noreferrer\">artigo de jornal acad\u00eamico<\/a> que deturpa o Design Inteligente. Veja <a href=\"https:\/\/evolutionnews.org\/2021\/02\/academic-article-correcting-misconceptions-about-evolution-promotes-misconceptions-about-id\/\" target=\"_blank\" rel=\"noopener noreferrer\">aqui<\/a> e <a href=\"https:\/\/evolutionnews.org\/2021\/02\/misconceptions-about-misconceptions-examining-a-citation-of-my-work\/\" target=\"_blank\" rel=\"noopener noreferrer\">aqui<\/a> meus coment\u00e1rios anteriores. Seria de se esperar que, nessa literatura, os autores dessem ao DI um tratamento preciso, mesmo que discordem dele. Mas, infelizmente, j\u00e1 vimos esse tipo de deturpa\u00e7\u00e3o do Design Inteligente na literatura t\u00e9cnica convencional <a href=\"https:\/\/evolutionnews.org\/2015\/03\/while_ranting_a\/\" target=\"_blank\" rel=\"noopener noreferrer\">muitas<\/a> <a href=\"https:\/\/evolutionnews.org\/2020\/05\/what-triggered-a-biology-journal-to-demand-government-censorship-of-intelligent-design\/\" target=\"_blank\" rel=\"noopener noreferrer\">vezes<\/a> antes.<\/p>\n<p style=\"text-align: justify;\">Muitas especula\u00e7\u00f5es poderiam ser feitas sobre porque este artigo deturpou tanto meus argumentos de Design Inteligente. \u00c9 porque quando voc\u00ea argumenta contra o Design Inteligente em certos c\u00edrculos intelectuais, voc\u00ea n\u00e3o se apega a altos padr\u00f5es acad\u00eamicos, ent\u00e3o <a href=\"https:\/\/evolutionnews.org\/2008\/07\/national_geographic_uses_fish\/\" target=\"_blank\" rel=\"noopener noreferrer\">os fatos param de importar<\/a>?<\/p>\n<p style=\"text-align: justify;\">\u00c9 porque alguns autores t\u00eam tal animosidade contra o Design Inteligente que sentem que n\u00f3s, os proponentes do Design Inteligente, <a href=\"https:\/\/evolutionnews.org\/2015\/03\/while_ranting_a\/\" target=\"_blank\" rel=\"noopener noreferrer\">n\u00e3o merecemos<\/a> cortesias acad\u00eamicas b\u00e1sicas, como ter nossas opini\u00f5es representadas com precis\u00e3o? Eles apenas t\u00eam uma agenda para caluniar o Design Inteligente, <a href=\"https:\/\/evolutionnews.org\/2011\/11\/dressing_up_unc\/\" target=\"_blank\" rel=\"noopener noreferrer\">vestindo ataques rudes com ret\u00f3rica acad\u00eamica<\/a>? \u00c9 porque sua causa \u00e9 t\u00e3o importante para eles que tais <a href=\"https:\/\/evolutionnews.org\/2014\/05\/darwin-defendin\/\" target=\"_blank\" rel=\"noopener noreferrer\">imprecis\u00f5es s\u00e3o toleradas<\/a>? Ou \u00e9 porque se o objetivo final \u00e9 <a href=\"https:\/\/evolutionnews.org\/2020\/05\/prominent-biology-journal-demands-government-censorship-of-intelligent-design\/\" target=\"_blank\" rel=\"noopener noreferrer\">censurar<\/a> o Design Inteligente? Seja qual for a resposta, o resultado \u00e9 o mesmo: o Design Inteligente \u00e9 deturpado em peri\u00f3dicos.<\/p>\n<p><strong>Por que as pessoas duvidam de Darwin<\/strong><\/p>\n<p style=\"text-align: justify;\">Vou encerrar revisando a quest\u00e3o de porque as pessoas duvidam de Darwin e rejeitam a evolu\u00e7\u00e3o \u2013 algo discutido em meu primeiro post neste artigo. L\u00e1, discuti como os autores parecem perplexos com o fato de que cientistas que n\u00e3o s\u00e3o ignorantes em ci\u00eancia podem se tornar \u201ccriacionistas\u201d. Eles observam que \u201ca rela\u00e7\u00e3o entre forma\u00e7\u00e3o\/conhecimento cient\u00edfico e cren\u00e7a religiosa est\u00e1 longe de ser simples e direta. Ser um membro conhecedor e experiente da profiss\u00e3o cient\u00edfica n\u00e3o garante necessariamente a aceita\u00e7\u00e3o total das vis\u00f5es evolucionistas ou rejei\u00e7\u00e3o das criacionistas\u201d, mas n\u00e3o pode dar conta dessas observa\u00e7\u00f5es.<\/p>\n<p style=\"text-align: justify;\">Mais adiante no artigo, no entanto, os autores inconscientemente sugerem uma resposta. Aqui est\u00e1 o que eles dizem:<\/p>\n<blockquote>\n<p style=\"text-align: justify;\">Nesta literatura, \u00e9 abordada a quest\u00e3o da aceita\u00e7\u00e3o da evolu\u00e7\u00e3o, com aten\u00e7\u00e3o especificamente dada aos fatores que podem dificultar o seu aprendizado, obst\u00e1culos como a teleologia do senso comum e o racioc\u00ednio causal linear. [Cita\u00e7\u00e3o interna omitida.]\n<\/blockquote>\n<p>Leia essa cita\u00e7\u00e3o com aten\u00e7\u00e3o.<\/p>\n<p style=\"text-align: justify;\">Incrivelmente, eles dizem que os fatores que \u201catrapalham\u201d a aceita\u00e7\u00e3o da evolu\u00e7\u00e3o incluem processos de pensamento normais e razo\u00e1veis, como a \u201cteleologia do senso comum\u201d e o \u201cracioc\u00ednio causal linear\u201d! N\u00e3o tenho certeza se eles intencionalmente pretendiam sugerir que o racioc\u00ednio normal \u00e9 parte do que leva as pessoas a questionar Darwin, mas isso \u00e9 exatamente o que acabaram de escrever.<\/p>\n<p style=\"text-align: justify;\">Se a oposi\u00e7\u00e3o \u00e0 evolu\u00e7\u00e3o fosse baseada na ignor\u00e2ncia ou em deturpa\u00e7\u00f5es, isso poderia ser um problema para n\u00f3s, c\u00e9ticos de Darwin. Mas pelo menos neste caso n\u00e3o \u00e9 isso que est\u00e1 acontecendo. Se a oposi\u00e7\u00e3o \u00e0 evolu\u00e7\u00e3o se baseia na experi\u00eancia, no bom senso e no racioc\u00ednio normal de causa e efeito, ent\u00e3o talvez o paradigma evolucion\u00e1rio tenha problemas muito maiores do que seus defensores est\u00e3o deixando transparecer. E isso n\u00e3o \u00e9 um equ\u00edvoco.<\/p>\n<hr \/>\n<p>Original: <strong>Casey Luskin<\/strong>. <a href=\"https:\/\/evolutionnews.org\/2021\/02\/why-do-critics-misrepresent-intelligent-design\/\" target=\"_blank\" rel=\"noopener noreferrer\">Why Do Critics Misrepresent Intelligent Design?<\/a>\u00a0 Fevereiro. 6, 2021.<\/p>\n","protected":false},"excerpt":{"rendered":"<div class=\"mh-excerpt\"><p>&#8220;&#8230; porque quando voc\u00ea argumenta contra o Design Inteligente em certos c\u00edrculos intelectuais, voc\u00ea n\u00e3o se apega a altos padr\u00f5es acad\u00eamicos, ent\u00e3o os fatos param de importar?&#8221;<\/p>\n<\/div>","protected":false},"author":15,"featured_media":8866,"comment_status":"open","ping_status":"open","sticky":false,"template":"","format":"standard","meta":{"footnotes":""},"categories":[25],"tags":[250,289],"class_list":["post-8863","post","type-post","status-publish","format-standard","has-post-thumbnail","hentry","category-geral","tag-criticos","tag-design-inteligente"],"yoast_head":"<!-- This site is optimized with the Yoast SEO plugin v18.9 - https:\/\/yoast.com\/wordpress\/plugins\/seo\/ -->\n<title>Por que os Cr\u00edticos Deturpam o Design Inteligente? &raquo; Portal TDI Brasil +<\/title>\n<meta name=\"description\" content=\"&quot;... porque quando voc\u00ea argumenta contra o Design Inteligente em certos c\u00edrculos intelectuais, voc\u00ea n\u00e3o se apega a altos padr\u00f5es acad\u00eamicos, ent\u00e3o os fatos param de importar?&quot;\" \/>\n<meta name=\"robots\" content=\"index, follow, max-snippet:-1, max-image-preview:large, max-video-preview:-1\" \/>\n<link rel=\"canonical\" href=\"https:\/\/tdibrasil.org\/index.php\/2021\/02\/08\/por-que-os-criticos-deturpam-o-design-inteligente\/\" \/>\n<meta property=\"og:locale\" content=\"pt_BR\" \/>\n<meta property=\"og:type\" content=\"article\" \/>\n<meta property=\"og:title\" content=\"Por que os Cr\u00edticos Deturpam o Design Inteligente? &raquo; Portal TDI Brasil +\" \/>\n<meta property=\"og:description\" content=\"&quot;... porque quando voc\u00ea argumenta contra o Design Inteligente em certos c\u00edrculos intelectuais, voc\u00ea n\u00e3o se apega a altos padr\u00f5es acad\u00eamicos, ent\u00e3o os fatos param de importar?&quot;\" \/>\n<meta property=\"og:url\" content=\"https:\/\/tdibrasil.org\/index.php\/2021\/02\/08\/por-que-os-criticos-deturpam-o-design-inteligente\/\" \/>\n<meta property=\"og:site_name\" content=\"Portal TDI Brasil +\" \/>\n<meta property=\"article:publisher\" content=\"https:\/\/www.facebook.com\/TeoriadoDesignInteligente\/\" \/>\n<meta property=\"article:published_time\" content=\"2021-02-08T17:18:23+00:00\" \/>\n<meta property=\"article:modified_time\" content=\"2021-02-08T17:20:55+00:00\" \/>\n<meta property=\"og:image\" content=\"https:\/\/tdibrasil.org\/wp-content\/uploads\/2021\/02\/grapsus_grapsus.jpg\" \/>\n\t<meta property=\"og:image:width\" content=\"640\" \/>\n\t<meta property=\"og:image:height\" content=\"360\" \/>\n\t<meta property=\"og:image:type\" content=\"image\/jpeg\" \/>\n<meta name=\"twitter:card\" content=\"summary_large_image\" \/>\n<meta name=\"twitter:label1\" content=\"Escrito por\" \/>\n\t<meta name=\"twitter:data1\" content=\"Jefferson Santos\" \/>\n\t<meta name=\"twitter:label2\" content=\"Est. tempo de leitura\" \/>\n\t<meta name=\"twitter:data2\" content=\"3 minutos\" \/>\n<script type=\"application\/ld+json\" class=\"yoast-schema-graph\">{\"@context\":\"https:\/\/schema.org\",\"@graph\":[{\"@type\":\"Organization\",\"@id\":\"https:\/\/tdibrasil.org\/#organization\",\"name\":\"TDI Brasil +\",\"url\":\"https:\/\/tdibrasil.org\/\",\"sameAs\":[\"https:\/\/www.facebook.com\/TeoriadoDesignInteligente\/\"],\"logo\":{\"@type\":\"ImageObject\",\"inLanguage\":\"pt-BR\",\"@id\":\"https:\/\/tdibrasil.org\/#\/schema\/logo\/image\/\",\"url\":\"https:\/\/tdibrasil.org\/wp-content\/uploads\/2020\/05\/whats.jpg\",\"contentUrl\":\"https:\/\/tdibrasil.org\/wp-content\/uploads\/2020\/05\/whats.jpg\",\"width\":512,\"height\":512,\"caption\":\"TDI Brasil +\"},\"image\":{\"@id\":\"https:\/\/tdibrasil.org\/#\/schema\/logo\/image\/\"}},{\"@type\":\"WebSite\",\"@id\":\"https:\/\/tdibrasil.org\/#website\",\"url\":\"https:\/\/tdibrasil.org\/\",\"name\":\"Portal TDI Brasil +\",\"description\":\"Teoria do Design Inteligente\",\"publisher\":{\"@id\":\"https:\/\/tdibrasil.org\/#organization\"},\"potentialAction\":[{\"@type\":\"SearchAction\",\"target\":{\"@type\":\"EntryPoint\",\"urlTemplate\":\"https:\/\/tdibrasil.org\/?s={search_term_string}\"},\"query-input\":\"required name=search_term_string\"}],\"inLanguage\":\"pt-BR\"},{\"@type\":\"ImageObject\",\"inLanguage\":\"pt-BR\",\"@id\":\"https:\/\/tdibrasil.org\/index.php\/2021\/02\/08\/por-que-os-criticos-deturpam-o-design-inteligente\/#primaryimage\",\"url\":\"https:\/\/tdibrasil.org\/wp-content\/uploads\/2021\/02\/grapsus_grapsus.jpg\",\"contentUrl\":\"https:\/\/tdibrasil.org\/wp-content\/uploads\/2021\/02\/grapsus_grapsus.jpg\",\"width\":640,\"height\":360,\"caption\":\"...\"},{\"@type\":\"WebPage\",\"@id\":\"https:\/\/tdibrasil.org\/index.php\/2021\/02\/08\/por-que-os-criticos-deturpam-o-design-inteligente\/#webpage\",\"url\":\"https:\/\/tdibrasil.org\/index.php\/2021\/02\/08\/por-que-os-criticos-deturpam-o-design-inteligente\/\",\"name\":\"Por que os Cr\u00edticos Deturpam o Design Inteligente? &raquo; Portal TDI Brasil +\",\"isPartOf\":{\"@id\":\"https:\/\/tdibrasil.org\/#website\"},\"primaryImageOfPage\":{\"@id\":\"https:\/\/tdibrasil.org\/index.php\/2021\/02\/08\/por-que-os-criticos-deturpam-o-design-inteligente\/#primaryimage\"},\"datePublished\":\"2021-02-08T17:18:23+00:00\",\"dateModified\":\"2021-02-08T17:20:55+00:00\",\"description\":\"\\\"... porque quando voc\u00ea argumenta contra o Design Inteligente em certos c\u00edrculos intelectuais, voc\u00ea n\u00e3o se apega a altos padr\u00f5es acad\u00eamicos, ent\u00e3o os fatos param de importar?\\\"\",\"breadcrumb\":{\"@id\":\"https:\/\/tdibrasil.org\/index.php\/2021\/02\/08\/por-que-os-criticos-deturpam-o-design-inteligente\/#breadcrumb\"},\"inLanguage\":\"pt-BR\",\"potentialAction\":[{\"@type\":\"ReadAction\",\"target\":[\"https:\/\/tdibrasil.org\/index.php\/2021\/02\/08\/por-que-os-criticos-deturpam-o-design-inteligente\/\"]}]},{\"@type\":\"BreadcrumbList\",\"@id\":\"https:\/\/tdibrasil.org\/index.php\/2021\/02\/08\/por-que-os-criticos-deturpam-o-design-inteligente\/#breadcrumb\",\"itemListElement\":[{\"@type\":\"ListItem\",\"position\":1,\"name\":\"In\u00edcio\",\"item\":\"https:\/\/tdibrasil.org\/\"},{\"@type\":\"ListItem\",\"position\":2,\"name\":\"Por que os Cr\u00edticos Deturpam o Design Inteligente?\"}]},{\"@type\":\"Article\",\"@id\":\"https:\/\/tdibrasil.org\/index.php\/2021\/02\/08\/por-que-os-criticos-deturpam-o-design-inteligente\/#article\",\"isPartOf\":{\"@id\":\"https:\/\/tdibrasil.org\/index.php\/2021\/02\/08\/por-que-os-criticos-deturpam-o-design-inteligente\/#webpage\"},\"author\":{\"@id\":\"https:\/\/tdibrasil.org\/#\/schema\/person\/a70ce2a39235b95a8cdb850b9cde1a7d\"},\"headline\":\"Por que os Cr\u00edticos Deturpam o Design Inteligente?\",\"datePublished\":\"2021-02-08T17:18:23+00:00\",\"dateModified\":\"2021-02-08T17:20:55+00:00\",\"mainEntityOfPage\":{\"@id\":\"https:\/\/tdibrasil.org\/index.php\/2021\/02\/08\/por-que-os-criticos-deturpam-o-design-inteligente\/#webpage\"},\"wordCount\":579,\"commentCount\":0,\"publisher\":{\"@id\":\"https:\/\/tdibrasil.org\/#organization\"},\"image\":{\"@id\":\"https:\/\/tdibrasil.org\/index.php\/2021\/02\/08\/por-que-os-criticos-deturpam-o-design-inteligente\/#primaryimage\"},\"thumbnailUrl\":\"https:\/\/tdibrasil.org\/wp-content\/uploads\/2021\/02\/grapsus_grapsus.jpg\",\"keywords\":[\"cr\u00edticos\",\"Design Inteligente\"],\"articleSection\":[\"Geral\"],\"inLanguage\":\"pt-BR\",\"potentialAction\":[{\"@type\":\"CommentAction\",\"name\":\"Comment\",\"target\":[\"https:\/\/tdibrasil.org\/index.php\/2021\/02\/08\/por-que-os-criticos-deturpam-o-design-inteligente\/#respond\"]}]},{\"@type\":\"Person\",\"@id\":\"https:\/\/tdibrasil.org\/#\/schema\/person\/a70ce2a39235b95a8cdb850b9cde1a7d\",\"name\":\"Jefferson Santos\",\"image\":{\"@type\":\"ImageObject\",\"inLanguage\":\"pt-BR\",\"@id\":\"https:\/\/tdibrasil.org\/#\/schema\/person\/image\/\",\"url\":\"https:\/\/secure.gravatar.com\/avatar\/9f051c8785028754b991d54240671495?s=96&d=mm&r=g\",\"contentUrl\":\"https:\/\/secure.gravatar.com\/avatar\/9f051c8785028754b991d54240671495?s=96&d=mm&r=g\",\"caption\":\"Jefferson Santos\"},\"url\":\"https:\/\/tdibrasil.org\/index.php\/author\/jephsimple\/\"}]}<\/script>\n<!-- \/ Yoast SEO plugin. -->","yoast_head_json":{"title":"Por que os Cr\u00edticos Deturpam o Design Inteligente? &raquo; Portal TDI Brasil +","description":"\"... porque quando voc\u00ea argumenta contra o Design Inteligente em certos c\u00edrculos intelectuais, voc\u00ea n\u00e3o se apega a altos padr\u00f5es acad\u00eamicos, ent\u00e3o os fatos param de importar?\"","robots":{"index":"index","follow":"follow","max-snippet":"max-snippet:-1","max-image-preview":"max-image-preview:large","max-video-preview":"max-video-preview:-1"},"canonical":"https:\/\/tdibrasil.org\/index.php\/2021\/02\/08\/por-que-os-criticos-deturpam-o-design-inteligente\/","og_locale":"pt_BR","og_type":"article","og_title":"Por que os Cr\u00edticos Deturpam o Design Inteligente? &raquo; Portal TDI Brasil +","og_description":"\"... porque quando voc\u00ea argumenta contra o Design Inteligente em certos c\u00edrculos intelectuais, voc\u00ea n\u00e3o se apega a altos padr\u00f5es acad\u00eamicos, ent\u00e3o os fatos param de importar?\"","og_url":"https:\/\/tdibrasil.org\/index.php\/2021\/02\/08\/por-que-os-criticos-deturpam-o-design-inteligente\/","og_site_name":"Portal TDI Brasil +","article_publisher":"https:\/\/www.facebook.com\/TeoriadoDesignInteligente\/","article_published_time":"2021-02-08T17:18:23+00:00","article_modified_time":"2021-02-08T17:20:55+00:00","og_image":[{"width":640,"height":360,"url":"https:\/\/tdibrasil.org\/wp-content\/uploads\/2021\/02\/grapsus_grapsus.jpg","type":"image\/jpeg"}],"twitter_card":"summary_large_image","twitter_misc":{"Escrito por":"Jefferson Santos","Est. tempo de leitura":"3 minutos"},"schema":{"@context":"https:\/\/schema.org","@graph":[{"@type":"Organization","@id":"https:\/\/tdibrasil.org\/#organization","name":"TDI Brasil +","url":"https:\/\/tdibrasil.org\/","sameAs":["https:\/\/www.facebook.com\/TeoriadoDesignInteligente\/"],"logo":{"@type":"ImageObject","inLanguage":"pt-BR","@id":"https:\/\/tdibrasil.org\/#\/schema\/logo\/image\/","url":"https:\/\/tdibrasil.org\/wp-content\/uploads\/2020\/05\/whats.jpg","contentUrl":"https:\/\/tdibrasil.org\/wp-content\/uploads\/2020\/05\/whats.jpg","width":512,"height":512,"caption":"TDI Brasil +"},"image":{"@id":"https:\/\/tdibrasil.org\/#\/schema\/logo\/image\/"}},{"@type":"WebSite","@id":"https:\/\/tdibrasil.org\/#website","url":"https:\/\/tdibrasil.org\/","name":"Portal TDI Brasil +","description":"Teoria do Design Inteligente","publisher":{"@id":"https:\/\/tdibrasil.org\/#organization"},"potentialAction":[{"@type":"SearchAction","target":{"@type":"EntryPoint","urlTemplate":"https:\/\/tdibrasil.org\/?s={search_term_string}"},"query-input":"required name=search_term_string"}],"inLanguage":"pt-BR"},{"@type":"ImageObject","inLanguage":"pt-BR","@id":"https:\/\/tdibrasil.org\/index.php\/2021\/02\/08\/por-que-os-criticos-deturpam-o-design-inteligente\/#primaryimage","url":"https:\/\/tdibrasil.org\/wp-content\/uploads\/2021\/02\/grapsus_grapsus.jpg","contentUrl":"https:\/\/tdibrasil.org\/wp-content\/uploads\/2021\/02\/grapsus_grapsus.jpg","width":640,"height":360,"caption":"..."},{"@type":"WebPage","@id":"https:\/\/tdibrasil.org\/index.php\/2021\/02\/08\/por-que-os-criticos-deturpam-o-design-inteligente\/#webpage","url":"https:\/\/tdibrasil.org\/index.php\/2021\/02\/08\/por-que-os-criticos-deturpam-o-design-inteligente\/","name":"Por que os Cr\u00edticos Deturpam o Design Inteligente? &raquo; Portal TDI Brasil +","isPartOf":{"@id":"https:\/\/tdibrasil.org\/#website"},"primaryImageOfPage":{"@id":"https:\/\/tdibrasil.org\/index.php\/2021\/02\/08\/por-que-os-criticos-deturpam-o-design-inteligente\/#primaryimage"},"datePublished":"2021-02-08T17:18:23+00:00","dateModified":"2021-02-08T17:20:55+00:00","description":"\"... porque quando voc\u00ea argumenta contra o Design Inteligente em certos c\u00edrculos intelectuais, voc\u00ea n\u00e3o se apega a altos padr\u00f5es acad\u00eamicos, ent\u00e3o os fatos param de importar?\"","breadcrumb":{"@id":"https:\/\/tdibrasil.org\/index.php\/2021\/02\/08\/por-que-os-criticos-deturpam-o-design-inteligente\/#breadcrumb"},"inLanguage":"pt-BR","potentialAction":[{"@type":"ReadAction","target":["https:\/\/tdibrasil.org\/index.php\/2021\/02\/08\/por-que-os-criticos-deturpam-o-design-inteligente\/"]}]},{"@type":"BreadcrumbList","@id":"https:\/\/tdibrasil.org\/index.php\/2021\/02\/08\/por-que-os-criticos-deturpam-o-design-inteligente\/#breadcrumb","itemListElement":[{"@type":"ListItem","position":1,"name":"In\u00edcio","item":"https:\/\/tdibrasil.org\/"},{"@type":"ListItem","position":2,"name":"Por que os Cr\u00edticos Deturpam o Design Inteligente?"}]},{"@type":"Article","@id":"https:\/\/tdibrasil.org\/index.php\/2021\/02\/08\/por-que-os-criticos-deturpam-o-design-inteligente\/#article","isPartOf":{"@id":"https:\/\/tdibrasil.org\/index.php\/2021\/02\/08\/por-que-os-criticos-deturpam-o-design-inteligente\/#webpage"},"author":{"@id":"https:\/\/tdibrasil.org\/#\/schema\/person\/a70ce2a39235b95a8cdb850b9cde1a7d"},"headline":"Por que os Cr\u00edticos Deturpam o Design Inteligente?","datePublished":"2021-02-08T17:18:23+00:00","dateModified":"2021-02-08T17:20:55+00:00","mainEntityOfPage":{"@id":"https:\/\/tdibrasil.org\/index.php\/2021\/02\/08\/por-que-os-criticos-deturpam-o-design-inteligente\/#webpage"},"wordCount":579,"commentCount":0,"publisher":{"@id":"https:\/\/tdibrasil.org\/#organization"},"image":{"@id":"https:\/\/tdibrasil.org\/index.php\/2021\/02\/08\/por-que-os-criticos-deturpam-o-design-inteligente\/#primaryimage"},"thumbnailUrl":"https:\/\/tdibrasil.org\/wp-content\/uploads\/2021\/02\/grapsus_grapsus.jpg","keywords":["cr\u00edticos","Design Inteligente"],"articleSection":["Geral"],"inLanguage":"pt-BR","potentialAction":[{"@type":"CommentAction","name":"Comment","target":["https:\/\/tdibrasil.org\/index.php\/2021\/02\/08\/por-que-os-criticos-deturpam-o-design-inteligente\/#respond"]}]},{"@type":"Person","@id":"https:\/\/tdibrasil.org\/#\/schema\/person\/a70ce2a39235b95a8cdb850b9cde1a7d","name":"Jefferson Santos","image":{"@type":"ImageObject","inLanguage":"pt-BR","@id":"https:\/\/tdibrasil.org\/#\/schema\/person\/image\/","url":"https:\/\/secure.gravatar.com\/avatar\/9f051c8785028754b991d54240671495?s=96&d=mm&r=g","contentUrl":"https:\/\/secure.gravatar.com\/avatar\/9f051c8785028754b991d54240671495?s=96&d=mm&r=g","caption":"Jefferson Santos"},"url":"https:\/\/tdibrasil.org\/index.php\/author\/jephsimple\/"}]}},"_links":{"self":[{"href":"https:\/\/tdibrasil.org\/index.php\/wp-json\/wp\/v2\/posts\/8863"}],"collection":[{"href":"https:\/\/tdibrasil.org\/index.php\/wp-json\/wp\/v2\/posts"}],"about":[{"href":"https:\/\/tdibrasil.org\/index.php\/wp-json\/wp\/v2\/types\/post"}],"author":[{"embeddable":true,"href":"https:\/\/tdibrasil.org\/index.php\/wp-json\/wp\/v2\/users\/15"}],"replies":[{"embeddable":true,"href":"https:\/\/tdibrasil.org\/index.php\/wp-json\/wp\/v2\/comments?post=8863"}],"version-history":[{"count":7,"href":"https:\/\/tdibrasil.org\/index.php\/wp-json\/wp\/v2\/posts\/8863\/revisions"}],"predecessor-version":[{"id":8871,"href":"https:\/\/tdibrasil.org\/index.php\/wp-json\/wp\/v2\/posts\/8863\/revisions\/8871"}],"wp:featuredmedia":[{"embeddable":true,"href":"https:\/\/tdibrasil.org\/index.php\/wp-json\/wp\/v2\/media\/8866"}],"wp:attachment":[{"href":"https:\/\/tdibrasil.org\/index.php\/wp-json\/wp\/v2\/media?parent=8863"}],"wp:term":[{"taxonomy":"category","embeddable":true,"href":"https:\/\/tdibrasil.org\/index.php\/wp-json\/wp\/v2\/categories?post=8863"},{"taxonomy":"post_tag","embeddable":true,"href":"https:\/\/tdibrasil.org\/index.php\/wp-json\/wp\/v2\/tags?post=8863"}],"curies":[{"name":"wp","href":"https:\/\/api.w.org\/{rel}","templated":true}]}}