{"id":787,"date":"2016-02-03T20:01:17","date_gmt":"2016-02-03T22:01:17","guid":{"rendered":"http:\/\/tdibrasil.org\/?p=787"},"modified":"2021-10-10T03:49:24","modified_gmt":"2021-10-10T06:49:24","slug":"duas-visoes-da-biologia-estruturalismo-versus-funcionalismo","status":"publish","type":"post","link":"https:\/\/tdibrasil.org\/index.php\/2016\/02\/03\/duas-visoes-da-biologia-estruturalismo-versus-funcionalismo\/","title":{"rendered":"Duas Vis\u00f5es da Biologia: Estruturalismo versus Funcionalismo"},"content":{"rendered":"<figure style=\"width: 296px\" class=\"wp-caption aligncenter\"><img loading=\"lazy\" decoding=\"async\" class=\"\" src=\"https:\/\/tdibrasil.org\/wp-content\/uploads\/2016\/02\/dentonstill.jpg\" alt=\"Evolution: Still a Theory in Crisis\" width=\"296\" height=\"445\" \/><figcaption class=\"wp-caption-text\"><center>Evolution: Still a Theory in Crisis, livro de Michael Denton<\/center><\/figcaption><\/figure>\n<p style=\"text-align: justify;\">por <strong>Michael Denton<\/strong><\/p>\n<p style=\"text-align: justify;\">Quanto \u00e0 natureza fundamental da configura\u00e7\u00e3o org\u00e2nica, os bi\u00f3logos t\u00eam por dois s\u00e9culos aderido a duas concep\u00e7\u00f5es opostas. Uma \u00e9 referida como estruturalismo, ou formalismo, e a outra como funcionalismo. Abordarei ambos brevemente.<\/p>\n<p><!--more--><\/p>\n<p style=\"text-align: justify;\">De acordo com o paradigma estruturalista, uma fra\u00e7\u00e3o significativa da ordem da vida e de todos os organismos \u00e9 o resultado de restri\u00e7\u00f5es internas b\u00e1sicas ou fatores causais decorrentes das propriedades f\u00edsicas fundamentais dos sistemas biol\u00f3gicos e da biomat\u00e9ria. Em outras palavras, essas restri\u00e7\u00f5es n\u00e3o surgem como adapta\u00e7\u00f5es para satisfazer fins particulares funcionais. Um dos exemplos mais simples deste tipo de ordem, &#8220;ordem estrutural&#8221;, \u00e9 a membrana da c\u00e9lula, que se organiza em uma camada fina que cobre a superf\u00edcie da c\u00e9lula, devido inteiramente ao car\u00e1cter hidrof\u00f3bico dos seus componentes lip\u00eddicos &#8211; isto \u00e9, devido a lei f\u00edsica &#8211; independentemente de qualquer fim funcional pode servir [1].<\/p>\n<p style=\"text-align: justify;\">Essas restri\u00e7\u00f5es internas, ou &#8220;leis de configura\u00e7\u00e3o biol\u00f3gica&#8221;, como eram referidas no s\u00e9culo 19, foram supostas\u00a0por muitos bi\u00f3logos antes de Darwin de modo\u00a0limitar a forma com\u00a0que\u00a0os organismos s\u00e3o constru\u00eddos em alguns projetos b\u00e1sicos ou tipos, assim como as leis de configura\u00e7\u00e3o qu\u00edmica ou as\u00a0limita\u00e7\u00f5es de configura\u00e7\u00e3o cristalinas de subst\u00e2ncias qu\u00edmicas em um finito conjuntos de formas poss\u00edveis. Esta vis\u00e3o implica que muitas das formas b\u00e1sicas da vida surgem da mesma forma como acontece com\u00a0outras formas naturais &#8211; em \u00faltima an\u00e1lise, a partir da <strong>auto-organiza\u00e7\u00e3o<\/strong> da mat\u00e9ria &#8211; e s\u00e3o universais genu\u00ednos.<\/p>\n<p style=\"text-align: justify;\">Claro, todos os estruturalistas aceitam que os organismos exibem as adapta\u00e7\u00f5es para servir as condi\u00e7\u00f5es ambientais externas. Mas estes foram considerados como &#8220;m\u00e1scaras&#8221; adaptativas enxertadas, como se fossem para planos b\u00e1sicos ou &#8220;padr\u00f5es prim\u00e1rios subjacentes .&#8221; Assim, a grande diversidade dos membros de vertebrados &#8211; nadadeiras para a nata\u00e7\u00e3o, as m\u00e3os para agarrar, asas para voar -, s\u00e3o todas modifica\u00e7\u00f5es do mesmo plano ou padr\u00e3o subjacente, que n\u00e3o serve para nenhuma\u00a0necessidade particular do ambiente.<\/p>\n<p style=\"text-align: justify;\">De acordo com o paradigma advers\u00e1rio, muitas vezes referido como funcionalismo, o principio\u00a0fundamental de organiza\u00e7\u00e3o da\u00a0biologia \u00e9 a adapta\u00e7\u00e3o para servir a v\u00e1rios fins funcionais. Deste ponto de vista as principais homologias que definem o tipo (membros de\u00a0Pentadactyl, etc.) n\u00e3o s\u00e3o resultados de leis f\u00edsicas. Ao contr\u00e1rio,\u00a0os funcionalistas veem os hom\u00f3logos como resultado de adapta\u00e7\u00f5es constru\u00eddas pela sele\u00e7\u00e3o cumulativa durante o curso da evolu\u00e7\u00e3o para atender determinadas restri\u00e7\u00f5es ambientais. Adapta\u00e7\u00f5es constru\u00eddas desta forma s\u00e3o contingentes no sentido de que elas n\u00e3o s\u00e3o determinadas\u00a0por leis naturais. De acordo com a vis\u00e3o funcionalista, os organismos s\u00e3o, em ess\u00eancia &#8211; assim como m\u00e1quinas -, agrupamentos\u00a0de partes funcionais contingentes dispostas a servir a fins adaptativos particulares.<\/p>\n<p style=\"text-align: justify;\">Isto \u00e9, \u00a0claro, o ponto de vista e que prevalece atualmente na corrente principal (<em>mainstream<\/em>). Todos os darwinistas e, portanto, a grande maioria dos bi\u00f3logos evolutivos, s\u00e3o funcionalistas, por defini\u00e7\u00e3o[2], como toda a evolu\u00e7\u00e3o de acordo com o darwinismo cl\u00e1ssico vem de sele\u00e7\u00e3o cumulativa para atender fins funcionais.<\/p>\n<p style=\"text-align: justify;\">\u00c9 dif\u00edcil imaginar dois quadros cient\u00edficos diametralmente opostos como o estruturalismo e o funcionalismo. Onde o estruturalismo prop\u00f5e um modelo internista do nexo de causalidade, o funcionalismo prop\u00f5e um modelo causal externalista. \u00c9 extraordin\u00e1rio pensar que os principais bi\u00f3logos tem visto exatamente os mesmos fatos emp\u00edricos como se estivessem apontando em tais dire\u00e7\u00f5es muito diferentes[3].<\/p>\n<p style=\"text-align: justify;\">O mundo angl\u00f3fono\u00a0adere a alguma vers\u00e3o do funcionalismo por tanto tempo que \u00e9 inconceb\u00edvel para a maioria dos bi\u00f3logos que falam Ingl\u00eas que as coisas vivas possam conter algum grau significativo de ordem que surge a partir das restri\u00e7\u00f5es\u00a0f\u00edsicas b\u00e1sicas internas e que n\u00e3o poderiam ser o resultado direto de qualquer tipo de processo adaptativo. E, n\u00e3o h\u00e1 d\u00favida, que a alega\u00e7\u00e3o estruturalista &#8211; que o reino biol\u00f3gico \u00e9 amparada pelos planos b\u00e1sicos\u00a0&#8220;como cristais&#8221; ou padr\u00f5es primitivos especificados nas leis da natureza, \u00a0n\u00e3o sirvam para nenhum prop\u00f3sito espec\u00edfico externo adaptativo e nunca serviram (embora as m\u00e1scaras adaptativas constru\u00eddas sobre eles certamente sirvam)[4]\u00a0&#8211; \u00e9 muito estranha a biologia de angl\u00f3fona.<\/p>\n<p style=\"text-align: justify;\">Mas isso \u00e9 precisamente o que eu acho que a evid\u00eancia na natureza indica. Em &#8220;<em>Evolution: Ainda uma teoria em crise&#8221;<\/em>, eu cito v\u00e1rios exemplos de estruturas n\u00e3o-adaptativas, incluindo alguns dos planos de b\u00e1sicos, tais como o membro do Pentadactyl e o plano corporal de insetos. Se estou correto, e estes exemplos s\u00e3o fundamentalmente as formas n\u00e3o-adaptativas, eles fornecem um desafio existencial para a evolu\u00e7\u00e3o darwiniana.<\/p>\n<p style=\"text-align: justify;\">Padr\u00f5es profundos na natureza que s\u00e3o <em>n\u00e3o-adaptativos<\/em> est\u00e3o completamente fora do alcance de mecanismo da sele\u00e7\u00e3o natural de Darwin e necessitam postula\u00e7\u00e3o de novos mecanismos causais al\u00e9m  de somente narrativas hist\u00f3ricas e conting\u00eancias de percurso. Eu sugiro que \u00e9 hora de repensar o modelo pr\u00e9-darwiniano da vida e a alega\u00e7\u00e3o estruturalista radical que a vida \u00e9 uma parte integrante da natureza.<\/p>\n<hr \/>\n<p style=\"text-align: justify;\"><strong>Notas<\/strong><\/p>\n<p style=\"text-align: justify;\">[1] Voc\u00ea concordou at\u00e9 a\u00ed, provavelmente vai concordar tamb\u00e9m com o outro ponto de vista. \u00c9 da natureza das correntes filos\u00f3ficas que sustentam a ci\u00eancia um embate permanente. Depois de analisar as duas correntes antag\u00f4nicas a tend\u00eancia \u00e9 se aceitar a dominante pela coer\u00eancia interna.<\/p>\n<p style=\"text-align: justify;\">[2] A vis\u00e3o funcionalista da &#8220;forma segue fun\u00e7\u00e3o&#8221; apesar de mais coerente bate de frente com a gera\u00e7\u00e3o de nova informa\u00e7\u00e3o prescritiva. Assim como a atra\u00e7\u00e3o gravitacional tende para o centro de maior massa, assim as fun\u00e7\u00f5es estabelecidas tendem a n\u00e3o &#8220;varrer&#8221; muito longe do espa\u00e7o de busca por novas fun\u00e7\u00f5es.<\/p>\n<p style=\"text-align: justify;\">[3] A filosofia, como eu sempre disse, lan\u00e7a as quest\u00f5es, estabelece os limites, pavimenta o caminho para a ci\u00eancia. Ainda h\u00e1 v\u00e1rios outros trabalhos sobre as correntes divergentes principais e isso somente na biologia. \u00a0Veja o excelente artigo de Derek Gatherer sobre Holismo versus Reducionismo (neo-lamarckismo, vitalismo, etc) desde o s\u00e9culo XIX <a href=\"https:\/\/bmcsystbiol.biomedcentral.com\/articles\/10.1186\/1752-0509-4-22\" target=\"_blank\" rel=\"noopener noreferrer\">aqui<\/a>.<\/p>\n<p style=\"text-align: justify;\">[4] Essa vis\u00e3o de que &#8220;as estruturas b\u00e1sicas n\u00e3o servem a adapta\u00e7\u00e3o alguma&#8221; \u00e9 muito mais coerente com o materialismo ing\u00eanuo, por\u00e9m o funcionalismo alcan\u00e7a for\u00e7a irresist\u00edvel a partir do &#8220;sucesso reprodutivo diferencial&#8221;, tamb\u00e9m conhecida como sele\u00e7\u00e3o natural.<\/p>\n[Original] Two Views of Biology: Structuralism vs. Functionalism<br \/>\n<a href=\"https:\/\/www.evolutionnews.org\/2016\/02\/two_views_of_bi102565.html\" target=\"_blank\" rel=\"noopener noreferrer\">http:\/\/www.evolutionnews.org\/2016\/02\/two_views_of_bi102565.html<\/a><\/p>\n[Livro] Evolution: Still a Theory in Crisis<br \/>\n<a href=\"https:\/\/www.createspace.com\/5972354\" target=\"_blank\" rel=\"noopener noreferrer\">https:\/\/www.createspace.com\/5972354<\/a><\/p>\n","protected":false},"excerpt":{"rendered":"<div class=\"mh-excerpt\"><p>por Michael Denton Quanto \u00e0 natureza fundamental da configura\u00e7\u00e3o org\u00e2nica, os bi\u00f3logos t\u00eam por dois s\u00e9culos aderido a duas concep\u00e7\u00f5es opostas. Uma \u00e9 referida como <a class=\"mh-excerpt-more\" href=\"https:\/\/tdibrasil.org\/index.php\/2016\/02\/03\/duas-visoes-da-biologia-estruturalismo-versus-funcionalismo\/\" title=\"Duas Vis\u00f5es da Biologia: Estruturalismo versus Funcionalismo\">[&#8230;]<\/a><\/p>\n<\/div>","protected":false},"author":1,"featured_media":2520,"comment_status":"open","ping_status":"open","sticky":false,"template":"","format":"standard","meta":{"footnotes":""},"categories":[41,15,20,25],"tags":[137,369,427,443,450],"class_list":["post-787","post","type-post","status-publish","format-standard","has-post-thumbnail","hentry","category-conceitos","category-epistemologia","category-filosofia","category-geral","tag-biologia","tag-estruturalismo","tag-filosofia","tag-formalismo","tag-funcionalismo"],"yoast_head":"<!-- This site is optimized with the Yoast SEO plugin v18.9 - https:\/\/yoast.com\/wordpress\/plugins\/seo\/ -->\n<title>Duas Vis\u00f5es da Biologia: Estruturalismo versus Funcionalismo &raquo; Portal TDI Brasil +<\/title>\n<meta name=\"description\" content=\"por Michael Denton Quanto \u00e0 natureza fundamental da configura\u00e7\u00e3o org\u00e2nica, os bi\u00f3logos t\u00eam por dois s\u00e9culos aderido a duas concep\u00e7\u00f5es opostas. Uma \u00e9\" \/>\n<meta name=\"robots\" content=\"index, follow, max-snippet:-1, max-image-preview:large, max-video-preview:-1\" \/>\n<link rel=\"canonical\" href=\"https:\/\/tdibrasil.org\/index.php\/2016\/02\/03\/duas-visoes-da-biologia-estruturalismo-versus-funcionalismo\/\" \/>\n<meta property=\"og:locale\" content=\"pt_BR\" \/>\n<meta property=\"og:type\" content=\"article\" \/>\n<meta property=\"og:title\" content=\"Duas Vis\u00f5es da Biologia: Estruturalismo versus Funcionalismo &raquo; Portal TDI Brasil +\" \/>\n<meta property=\"og:description\" content=\"por Michael Denton Quanto \u00e0 natureza fundamental da configura\u00e7\u00e3o org\u00e2nica, os bi\u00f3logos t\u00eam por dois s\u00e9culos aderido a duas concep\u00e7\u00f5es opostas. Uma \u00e9\" \/>\n<meta property=\"og:url\" content=\"https:\/\/tdibrasil.org\/index.php\/2016\/02\/03\/duas-visoes-da-biologia-estruturalismo-versus-funcionalismo\/\" \/>\n<meta property=\"og:site_name\" content=\"Portal TDI Brasil +\" \/>\n<meta property=\"article:publisher\" content=\"https:\/\/www.facebook.com\/TeoriadoDesignInteligente\/\" \/>\n<meta property=\"article:published_time\" content=\"2016-02-03T22:01:17+00:00\" \/>\n<meta property=\"article:modified_time\" content=\"2021-10-10T06:49:24+00:00\" \/>\n<meta property=\"og:image\" content=\"https:\/\/tdibrasil.org\/wp-content\/uploads\/2016\/02\/dentonstill-1.jpg\" \/>\n\t<meta property=\"og:image:width\" content=\"296\" \/>\n\t<meta property=\"og:image:height\" content=\"445\" \/>\n\t<meta property=\"og:image:type\" content=\"image\/jpeg\" \/>\n<meta name=\"twitter:card\" content=\"summary_large_image\" \/>\n<meta name=\"twitter:label1\" content=\"Escrito por\" \/>\n\t<meta name=\"twitter:data1\" content=\"Eskelsen\" \/>\n\t<meta name=\"twitter:label2\" content=\"Est. tempo de leitura\" \/>\n\t<meta name=\"twitter:data2\" content=\"6 minutos\" \/>\n<script type=\"application\/ld+json\" class=\"yoast-schema-graph\">{\"@context\":\"https:\/\/schema.org\",\"@graph\":[{\"@type\":\"Organization\",\"@id\":\"https:\/\/tdibrasil.org\/#organization\",\"name\":\"TDI Brasil +\",\"url\":\"https:\/\/tdibrasil.org\/\",\"sameAs\":[\"https:\/\/www.facebook.com\/TeoriadoDesignInteligente\/\"],\"logo\":{\"@type\":\"ImageObject\",\"inLanguage\":\"pt-BR\",\"@id\":\"https:\/\/tdibrasil.org\/#\/schema\/logo\/image\/\",\"url\":\"https:\/\/tdibrasil.org\/wp-content\/uploads\/2020\/05\/whats.jpg\",\"contentUrl\":\"https:\/\/tdibrasil.org\/wp-content\/uploads\/2020\/05\/whats.jpg\",\"width\":512,\"height\":512,\"caption\":\"TDI Brasil +\"},\"image\":{\"@id\":\"https:\/\/tdibrasil.org\/#\/schema\/logo\/image\/\"}},{\"@type\":\"WebSite\",\"@id\":\"https:\/\/tdibrasil.org\/#website\",\"url\":\"https:\/\/tdibrasil.org\/\",\"name\":\"Portal TDI Brasil +\",\"description\":\"Teoria do Design Inteligente\",\"publisher\":{\"@id\":\"https:\/\/tdibrasil.org\/#organization\"},\"potentialAction\":[{\"@type\":\"SearchAction\",\"target\":{\"@type\":\"EntryPoint\",\"urlTemplate\":\"https:\/\/tdibrasil.org\/?s={search_term_string}\"},\"query-input\":\"required name=search_term_string\"}],\"inLanguage\":\"pt-BR\"},{\"@type\":\"ImageObject\",\"inLanguage\":\"pt-BR\",\"@id\":\"https:\/\/tdibrasil.org\/index.php\/2016\/02\/03\/duas-visoes-da-biologia-estruturalismo-versus-funcionalismo\/#primaryimage\",\"url\":\"https:\/\/tdibrasil.org\/wp-content\/uploads\/2016\/02\/dentonstill-1.jpg\",\"contentUrl\":\"https:\/\/tdibrasil.org\/wp-content\/uploads\/2016\/02\/dentonstill-1.jpg\",\"width\":296,\"height\":445},{\"@type\":\"WebPage\",\"@id\":\"https:\/\/tdibrasil.org\/index.php\/2016\/02\/03\/duas-visoes-da-biologia-estruturalismo-versus-funcionalismo\/#webpage\",\"url\":\"https:\/\/tdibrasil.org\/index.php\/2016\/02\/03\/duas-visoes-da-biologia-estruturalismo-versus-funcionalismo\/\",\"name\":\"Duas Vis\u00f5es da Biologia: Estruturalismo versus Funcionalismo &raquo; Portal TDI Brasil +\",\"isPartOf\":{\"@id\":\"https:\/\/tdibrasil.org\/#website\"},\"primaryImageOfPage\":{\"@id\":\"https:\/\/tdibrasil.org\/index.php\/2016\/02\/03\/duas-visoes-da-biologia-estruturalismo-versus-funcionalismo\/#primaryimage\"},\"datePublished\":\"2016-02-03T22:01:17+00:00\",\"dateModified\":\"2021-10-10T06:49:24+00:00\",\"description\":\"por Michael Denton Quanto \u00e0 natureza fundamental da configura\u00e7\u00e3o org\u00e2nica, os bi\u00f3logos t\u00eam por dois s\u00e9culos aderido a duas concep\u00e7\u00f5es opostas. Uma \u00e9\",\"breadcrumb\":{\"@id\":\"https:\/\/tdibrasil.org\/index.php\/2016\/02\/03\/duas-visoes-da-biologia-estruturalismo-versus-funcionalismo\/#breadcrumb\"},\"inLanguage\":\"pt-BR\",\"potentialAction\":[{\"@type\":\"ReadAction\",\"target\":[\"https:\/\/tdibrasil.org\/index.php\/2016\/02\/03\/duas-visoes-da-biologia-estruturalismo-versus-funcionalismo\/\"]}]},{\"@type\":\"BreadcrumbList\",\"@id\":\"https:\/\/tdibrasil.org\/index.php\/2016\/02\/03\/duas-visoes-da-biologia-estruturalismo-versus-funcionalismo\/#breadcrumb\",\"itemListElement\":[{\"@type\":\"ListItem\",\"position\":1,\"name\":\"In\u00edcio\",\"item\":\"https:\/\/tdibrasil.org\/\"},{\"@type\":\"ListItem\",\"position\":2,\"name\":\"Duas Vis\u00f5es da Biologia: Estruturalismo versus Funcionalismo\"}]},{\"@type\":\"Article\",\"@id\":\"https:\/\/tdibrasil.org\/index.php\/2016\/02\/03\/duas-visoes-da-biologia-estruturalismo-versus-funcionalismo\/#article\",\"isPartOf\":{\"@id\":\"https:\/\/tdibrasil.org\/index.php\/2016\/02\/03\/duas-visoes-da-biologia-estruturalismo-versus-funcionalismo\/#webpage\"},\"author\":{\"@id\":\"https:\/\/tdibrasil.org\/#\/schema\/person\/793b673d80540fcfafb86b5a908b3a03\"},\"headline\":\"Duas Vis\u00f5es da Biologia: Estruturalismo versus Funcionalismo\",\"datePublished\":\"2016-02-03T22:01:17+00:00\",\"dateModified\":\"2021-10-10T06:49:24+00:00\",\"mainEntityOfPage\":{\"@id\":\"https:\/\/tdibrasil.org\/index.php\/2016\/02\/03\/duas-visoes-da-biologia-estruturalismo-versus-funcionalismo\/#webpage\"},\"wordCount\":1154,\"commentCount\":0,\"publisher\":{\"@id\":\"https:\/\/tdibrasil.org\/#organization\"},\"image\":{\"@id\":\"https:\/\/tdibrasil.org\/index.php\/2016\/02\/03\/duas-visoes-da-biologia-estruturalismo-versus-funcionalismo\/#primaryimage\"},\"thumbnailUrl\":\"https:\/\/tdibrasil.org\/wp-content\/uploads\/2016\/02\/dentonstill-1.jpg\",\"keywords\":[\"Biologia\",\"Estruturalismo\",\"Filosofia\",\"Formalismo\",\"Funcionalismo\"],\"articleSection\":[\"Conceitos\",\"Epistemologia\",\"Filosofia\",\"Geral\"],\"inLanguage\":\"pt-BR\",\"potentialAction\":[{\"@type\":\"CommentAction\",\"name\":\"Comment\",\"target\":[\"https:\/\/tdibrasil.org\/index.php\/2016\/02\/03\/duas-visoes-da-biologia-estruturalismo-versus-funcionalismo\/#respond\"]}]},{\"@type\":\"Person\",\"@id\":\"https:\/\/tdibrasil.org\/#\/schema\/person\/793b673d80540fcfafb86b5a908b3a03\",\"name\":\"Eskelsen\",\"image\":{\"@type\":\"ImageObject\",\"inLanguage\":\"pt-BR\",\"@id\":\"https:\/\/tdibrasil.org\/#\/schema\/person\/image\/\",\"url\":\"https:\/\/secure.gravatar.com\/avatar\/7a93691c6b95456c7cabcb146a25ef3c?s=96&d=mm&r=g\",\"contentUrl\":\"https:\/\/secure.gravatar.com\/avatar\/7a93691c6b95456c7cabcb146a25ef3c?s=96&d=mm&r=g\",\"caption\":\"Eskelsen\"},\"sameAs\":[\"https:\/\/tdibrasil.org\/index.php\/author\/eskelsen\/\"],\"url\":\"https:\/\/tdibrasil.org\/index.php\/author\/eskelsen\/\"}]}<\/script>\n<!-- \/ Yoast SEO plugin. -->","yoast_head_json":{"title":"Duas Vis\u00f5es da Biologia: Estruturalismo versus Funcionalismo &raquo; Portal TDI Brasil +","description":"por Michael Denton Quanto \u00e0 natureza fundamental da configura\u00e7\u00e3o org\u00e2nica, os bi\u00f3logos t\u00eam por dois s\u00e9culos aderido a duas concep\u00e7\u00f5es opostas. Uma \u00e9","robots":{"index":"index","follow":"follow","max-snippet":"max-snippet:-1","max-image-preview":"max-image-preview:large","max-video-preview":"max-video-preview:-1"},"canonical":"https:\/\/tdibrasil.org\/index.php\/2016\/02\/03\/duas-visoes-da-biologia-estruturalismo-versus-funcionalismo\/","og_locale":"pt_BR","og_type":"article","og_title":"Duas Vis\u00f5es da Biologia: Estruturalismo versus Funcionalismo &raquo; Portal TDI Brasil +","og_description":"por Michael Denton Quanto \u00e0 natureza fundamental da configura\u00e7\u00e3o org\u00e2nica, os bi\u00f3logos t\u00eam por dois s\u00e9culos aderido a duas concep\u00e7\u00f5es opostas. Uma \u00e9","og_url":"https:\/\/tdibrasil.org\/index.php\/2016\/02\/03\/duas-visoes-da-biologia-estruturalismo-versus-funcionalismo\/","og_site_name":"Portal TDI Brasil +","article_publisher":"https:\/\/www.facebook.com\/TeoriadoDesignInteligente\/","article_published_time":"2016-02-03T22:01:17+00:00","article_modified_time":"2021-10-10T06:49:24+00:00","og_image":[{"width":296,"height":445,"url":"https:\/\/tdibrasil.org\/wp-content\/uploads\/2016\/02\/dentonstill-1.jpg","type":"image\/jpeg"}],"twitter_card":"summary_large_image","twitter_misc":{"Escrito por":"Eskelsen","Est. tempo de leitura":"6 minutos"},"schema":{"@context":"https:\/\/schema.org","@graph":[{"@type":"Organization","@id":"https:\/\/tdibrasil.org\/#organization","name":"TDI Brasil +","url":"https:\/\/tdibrasil.org\/","sameAs":["https:\/\/www.facebook.com\/TeoriadoDesignInteligente\/"],"logo":{"@type":"ImageObject","inLanguage":"pt-BR","@id":"https:\/\/tdibrasil.org\/#\/schema\/logo\/image\/","url":"https:\/\/tdibrasil.org\/wp-content\/uploads\/2020\/05\/whats.jpg","contentUrl":"https:\/\/tdibrasil.org\/wp-content\/uploads\/2020\/05\/whats.jpg","width":512,"height":512,"caption":"TDI Brasil +"},"image":{"@id":"https:\/\/tdibrasil.org\/#\/schema\/logo\/image\/"}},{"@type":"WebSite","@id":"https:\/\/tdibrasil.org\/#website","url":"https:\/\/tdibrasil.org\/","name":"Portal TDI Brasil +","description":"Teoria do Design Inteligente","publisher":{"@id":"https:\/\/tdibrasil.org\/#organization"},"potentialAction":[{"@type":"SearchAction","target":{"@type":"EntryPoint","urlTemplate":"https:\/\/tdibrasil.org\/?s={search_term_string}"},"query-input":"required name=search_term_string"}],"inLanguage":"pt-BR"},{"@type":"ImageObject","inLanguage":"pt-BR","@id":"https:\/\/tdibrasil.org\/index.php\/2016\/02\/03\/duas-visoes-da-biologia-estruturalismo-versus-funcionalismo\/#primaryimage","url":"https:\/\/tdibrasil.org\/wp-content\/uploads\/2016\/02\/dentonstill-1.jpg","contentUrl":"https:\/\/tdibrasil.org\/wp-content\/uploads\/2016\/02\/dentonstill-1.jpg","width":296,"height":445},{"@type":"WebPage","@id":"https:\/\/tdibrasil.org\/index.php\/2016\/02\/03\/duas-visoes-da-biologia-estruturalismo-versus-funcionalismo\/#webpage","url":"https:\/\/tdibrasil.org\/index.php\/2016\/02\/03\/duas-visoes-da-biologia-estruturalismo-versus-funcionalismo\/","name":"Duas Vis\u00f5es da Biologia: Estruturalismo versus Funcionalismo &raquo; Portal TDI Brasil +","isPartOf":{"@id":"https:\/\/tdibrasil.org\/#website"},"primaryImageOfPage":{"@id":"https:\/\/tdibrasil.org\/index.php\/2016\/02\/03\/duas-visoes-da-biologia-estruturalismo-versus-funcionalismo\/#primaryimage"},"datePublished":"2016-02-03T22:01:17+00:00","dateModified":"2021-10-10T06:49:24+00:00","description":"por Michael Denton Quanto \u00e0 natureza fundamental da configura\u00e7\u00e3o org\u00e2nica, os bi\u00f3logos t\u00eam por dois s\u00e9culos aderido a duas concep\u00e7\u00f5es opostas. Uma \u00e9","breadcrumb":{"@id":"https:\/\/tdibrasil.org\/index.php\/2016\/02\/03\/duas-visoes-da-biologia-estruturalismo-versus-funcionalismo\/#breadcrumb"},"inLanguage":"pt-BR","potentialAction":[{"@type":"ReadAction","target":["https:\/\/tdibrasil.org\/index.php\/2016\/02\/03\/duas-visoes-da-biologia-estruturalismo-versus-funcionalismo\/"]}]},{"@type":"BreadcrumbList","@id":"https:\/\/tdibrasil.org\/index.php\/2016\/02\/03\/duas-visoes-da-biologia-estruturalismo-versus-funcionalismo\/#breadcrumb","itemListElement":[{"@type":"ListItem","position":1,"name":"In\u00edcio","item":"https:\/\/tdibrasil.org\/"},{"@type":"ListItem","position":2,"name":"Duas Vis\u00f5es da Biologia: Estruturalismo versus Funcionalismo"}]},{"@type":"Article","@id":"https:\/\/tdibrasil.org\/index.php\/2016\/02\/03\/duas-visoes-da-biologia-estruturalismo-versus-funcionalismo\/#article","isPartOf":{"@id":"https:\/\/tdibrasil.org\/index.php\/2016\/02\/03\/duas-visoes-da-biologia-estruturalismo-versus-funcionalismo\/#webpage"},"author":{"@id":"https:\/\/tdibrasil.org\/#\/schema\/person\/793b673d80540fcfafb86b5a908b3a03"},"headline":"Duas Vis\u00f5es da Biologia: Estruturalismo versus Funcionalismo","datePublished":"2016-02-03T22:01:17+00:00","dateModified":"2021-10-10T06:49:24+00:00","mainEntityOfPage":{"@id":"https:\/\/tdibrasil.org\/index.php\/2016\/02\/03\/duas-visoes-da-biologia-estruturalismo-versus-funcionalismo\/#webpage"},"wordCount":1154,"commentCount":0,"publisher":{"@id":"https:\/\/tdibrasil.org\/#organization"},"image":{"@id":"https:\/\/tdibrasil.org\/index.php\/2016\/02\/03\/duas-visoes-da-biologia-estruturalismo-versus-funcionalismo\/#primaryimage"},"thumbnailUrl":"https:\/\/tdibrasil.org\/wp-content\/uploads\/2016\/02\/dentonstill-1.jpg","keywords":["Biologia","Estruturalismo","Filosofia","Formalismo","Funcionalismo"],"articleSection":["Conceitos","Epistemologia","Filosofia","Geral"],"inLanguage":"pt-BR","potentialAction":[{"@type":"CommentAction","name":"Comment","target":["https:\/\/tdibrasil.org\/index.php\/2016\/02\/03\/duas-visoes-da-biologia-estruturalismo-versus-funcionalismo\/#respond"]}]},{"@type":"Person","@id":"https:\/\/tdibrasil.org\/#\/schema\/person\/793b673d80540fcfafb86b5a908b3a03","name":"Eskelsen","image":{"@type":"ImageObject","inLanguage":"pt-BR","@id":"https:\/\/tdibrasil.org\/#\/schema\/person\/image\/","url":"https:\/\/secure.gravatar.com\/avatar\/7a93691c6b95456c7cabcb146a25ef3c?s=96&d=mm&r=g","contentUrl":"https:\/\/secure.gravatar.com\/avatar\/7a93691c6b95456c7cabcb146a25ef3c?s=96&d=mm&r=g","caption":"Eskelsen"},"sameAs":["https:\/\/tdibrasil.org\/index.php\/author\/eskelsen\/"],"url":"https:\/\/tdibrasil.org\/index.php\/author\/eskelsen\/"}]}},"_links":{"self":[{"href":"https:\/\/tdibrasil.org\/index.php\/wp-json\/wp\/v2\/posts\/787"}],"collection":[{"href":"https:\/\/tdibrasil.org\/index.php\/wp-json\/wp\/v2\/posts"}],"about":[{"href":"https:\/\/tdibrasil.org\/index.php\/wp-json\/wp\/v2\/types\/post"}],"author":[{"embeddable":true,"href":"https:\/\/tdibrasil.org\/index.php\/wp-json\/wp\/v2\/users\/1"}],"replies":[{"embeddable":true,"href":"https:\/\/tdibrasil.org\/index.php\/wp-json\/wp\/v2\/comments?post=787"}],"version-history":[{"count":2,"href":"https:\/\/tdibrasil.org\/index.php\/wp-json\/wp\/v2\/posts\/787\/revisions"}],"predecessor-version":[{"id":9441,"href":"https:\/\/tdibrasil.org\/index.php\/wp-json\/wp\/v2\/posts\/787\/revisions\/9441"}],"wp:featuredmedia":[{"embeddable":true,"href":"https:\/\/tdibrasil.org\/index.php\/wp-json\/wp\/v2\/media\/2520"}],"wp:attachment":[{"href":"https:\/\/tdibrasil.org\/index.php\/wp-json\/wp\/v2\/media?parent=787"}],"wp:term":[{"taxonomy":"category","embeddable":true,"href":"https:\/\/tdibrasil.org\/index.php\/wp-json\/wp\/v2\/categories?post=787"},{"taxonomy":"post_tag","embeddable":true,"href":"https:\/\/tdibrasil.org\/index.php\/wp-json\/wp\/v2\/tags?post=787"}],"curies":[{"name":"wp","href":"https:\/\/api.w.org\/{rel}","templated":true}]}}