{"id":6074,"date":"2019-03-18T23:29:07","date_gmt":"2019-03-19T02:29:07","guid":{"rendered":"http:\/\/tdibrasil.org\/?p=6074"},"modified":"2019-03-18T23:29:07","modified_gmt":"2019-03-19T02:29:07","slug":"o-coeficiente-de-instabilidade-natural","status":"publish","type":"post","link":"https:\/\/tdibrasil.org\/index.php\/2019\/03\/18\/o-coeficiente-de-instabilidade-natural\/","title":{"rendered":"O Coeficiente de Instabilidade Natural"},"content":{"rendered":"<figure id=\"attachment_6137\" aria-describedby=\"caption-attachment-6137\" style=\"width: 660px\" class=\"wp-caption aligncenter\"><img loading=\"lazy\" decoding=\"async\" class=\"size-full wp-image-6137\" src=\"https:\/\/tdibrasil.org\/wp-content\/uploads\/2019\/03\/stnightvgogh.jpg\" alt=\"\" width=\"660\" height=\"410\" \/><figcaption id=\"caption-attachment-6137\" class=\"wp-caption-text\"><center>Noite Estrelada de Vincent van Gogh (1889)<\/center><\/figcaption><\/figure>\n<hr \/>\n<p style=\"text-align: justify;\">H\u00e1 na natureza um coeficiente de instabilidade que tende aumentar conforme a redu\u00e7\u00e3o das restri\u00e7\u00f5es\u00b9 sobre um sistema. Os graus de liberdade s\u00e3o inversamente proporcionais ao n\u00famero de restri\u00e7\u00f5es.<\/p>\n<p style=\"text-align: justify;\">A liberdade de um sistema est\u00e1 associada a aus\u00eancia de restri\u00e7\u00f5es. As leis naturais, por exemplo, imp\u00f5e limites \u00e0s transforma\u00e7\u00f5es naturais. Logo, quanto menor o efeito das leis naturais em um sistema, maior a sua liberdade em rela\u00e7\u00e3o a elas. Ainda h\u00e1 outros fatores alheios \u00e0s leis naturais que podem restringir os sistemas. As leis e esses outros fatores, por outro lado, garantem regularidade. Podemos dizer que a estabilidade de um sistema sempre est\u00e1 associada a algumas restri\u00e7\u00f5es. Em algum lugar entre o excesso de restri\u00e7\u00f5es e a liberdade est\u00e3o os sistemas de design.<\/p>\n<p><strong>A Instabilidade e o Design<\/strong><\/p>\n<p style=\"text-align: justify;\">O design \u00e9 instanciado na natureza, mas possui uma estrutura formal\u00b2. Essa estrutura formal n\u00e3o corresponde a nada no ambiente e n\u00e3o \u00e9 produto de qualquer tend\u00eancia natural, pelo contr\u00e1rio: a a\u00e7\u00e3o natural sobre o sistema pode ser nociva. Isso implica na degrada\u00e7\u00e3o dos sistemas de design sujeitos ao tempo conforme os fatores do ambiente.\u00a0Essa suscetibilidade ser\u00e1 maior conforme o n\u00famero de pontos funcionais do sistema. O conceito de suscetibilidade foi apresentado em\u00a0<a href=\"https:\/\/tdibrasil.org\/index.php\/2016\/04\/01\/filosofia-do-design-polanyi-pathologies\/\" target=\"_blank\" rel=\"noopener noreferrer\">Filosofia do Design: Polanyi &amp; Pathologies<\/a>.<\/p>\n<p style=\"text-align: justify;\">Ocorre que, a partir das restri\u00e7\u00f5es em dire\u00e7\u00e3o aos estados ca\u00f3ticos, h\u00e1 uma instabilidade crescente na natureza. Quanto mais distante das restri\u00e7\u00f5es, menor a estabilidade. Isso impacta nos sistemas de design em forma de ru\u00eddo, como vimos em\u00a0<a href=\"https:\/\/tdibrasil.org\/index.php\/2016\/08\/17\/evolucao-vs-design-como-teoria-da-informacao\/\" target=\"_blank\" rel=\"noopener noreferrer\">Evolu\u00e7\u00e3o vs Design como Teoria da Informa\u00e7\u00e3o<\/a>.<\/p>\n<p><strong>Solu\u00e7\u00e3o: mais engenharia<\/strong><\/p>\n<p style=\"text-align: justify;\">A solu\u00e7\u00e3o para esse problema de ru\u00eddo, tanto em sistemas biol\u00f3gicos ou engenharia humana, \u00e9 alcan\u00e7ada por meio de mais engenharia subjacente. Vimos um pouco disso em <a href=\"https:\/\/tdibrasil.org\/index.php\/2019\/02\/19\/uma-ode-ao-codigo-genetico-evidencias-para-o-ajuste-fino-na-tabela-padrao-de-codons\/\" target=\"_blank\" rel=\"noopener noreferrer\">Uma Ode ao C\u00f3digo Gen\u00e9tico \u2013 Evid\u00eancias para o ajuste fino na Tabela Padr\u00e3o de C\u00f3dons<\/a>.<\/p>\n<p><strong>Evolu\u00e7\u00e3o e instabilidade<\/strong><\/p>\n<p style=\"text-align: justify;\">Apesar de atuar como perturba\u00e7\u00e3o nos sistemas informacionais, esta instabilidade produz parte da varia\u00e7\u00e3o dos sistemas e, portanto, \u00e9 pressuposta na evolu\u00e7\u00e3o biol\u00f3gica. A variabilidade dos sistemas \u00e9 considerada a fonte de todo o design biol\u00f3gico quando ajustada pela sele\u00e7\u00e3o natural.<\/p>\n<blockquote>\n<p style=\"text-align: justify;\">O resultado direto desta guerra da natureza que se traduz pela fome e pela morte, \u00e9, pois, o fato mais admir\u00e1vel que podemos conceber, a saber: a produ\u00e7\u00e3o de animais superiores.<\/p>\n<p>C. Darwin. A Origem das Esp\u00e9cies. (1859)<\/p><\/blockquote>\n<p style=\"text-align: justify;\">O Design Inteligente trata da evolu\u00e7\u00e3o de sistemas de design, inclusive os biol\u00f3gicos, na medida que delimita e descreve suas transforma\u00e7\u00f5es ao longo do tempo. E o que os dados hoje nos permitem dizer est\u00e1 bem longe da &#8220;produ\u00e7\u00e3o de animais superiores&#8221;, muito pelo contr\u00e1rio.<\/p>\n<hr \/>\n<p style=\"text-align: justify; font-size: 12px;\"><strong>Nota\u00b9:<\/strong> As restri\u00e7\u00f5es no contexto de design, quando exclusivas do design, s\u00e3o chamadas &#8220;controles&#8221;.<\/p>\n<p style=\"text-align: justify; font-size: 12px;\"><strong>Nota\u00b2:<\/strong> O design biol\u00f3gico \u00e9 um contexto cibern\u00e9tico, subconjunto do contexto de design com funcionalidades: regula\u00e7\u00e3o, retroalimenta\u00e7\u00e3o, controle e comunica\u00e7\u00e3o.<\/p>\n","protected":false},"excerpt":{"rendered":"<div class=\"mh-excerpt\"><p>H\u00e1 na natureza um coeficiente de instabilidade que tende aumentar conforme a redu\u00e7\u00e3o das restri\u00e7\u00f5es sobre um sistema. Os graus de liberdade s\u00e3o inversamente proporcionais ao n\u00famero de restri\u00e7\u00f5es.<\/p>\n<\/div>","protected":false},"author":1,"featured_media":6137,"comment_status":"open","ping_status":"open","sticky":false,"template":"","format":"standard","meta":{"footnotes":""},"categories":[41,22,31],"tags":[176,195,219,220,521,878],"class_list":["post-6074","post","type-post","status-publish","format-standard","has-post-thumbnail","hentry","category-conceitos","category-filosofia-do-design","category-metafisica","tag-cibernetica","tag-coeficiente-de-instabilidade-natural","tag-contexto-cibernetico","tag-contexto-de-design","tag-instabilidade-natural","tag-sistemas-caoticos"],"yoast_head":"<!-- This site is optimized with the Yoast SEO plugin v18.9 - https:\/\/yoast.com\/wordpress\/plugins\/seo\/ -->\n<title>O Coeficiente de Instabilidade Natural &raquo; Portal TDI Brasil +<\/title>\n<meta name=\"description\" content=\"H\u00e1 na natureza um coeficiente de instabilidade que tende aumentar conforme a redu\u00e7\u00e3o das restri\u00e7\u00f5es sobre um sistema. Os graus de liberdade s\u00e3o inversamente proporcionais ao n\u00famero de restri\u00e7\u00f5es.\" \/>\n<meta name=\"robots\" content=\"index, follow, max-snippet:-1, max-image-preview:large, max-video-preview:-1\" \/>\n<link rel=\"canonical\" href=\"https:\/\/tdibrasil.org\/index.php\/2019\/03\/18\/o-coeficiente-de-instabilidade-natural\/\" \/>\n<meta property=\"og:locale\" content=\"pt_BR\" \/>\n<meta property=\"og:type\" content=\"article\" \/>\n<meta property=\"og:title\" content=\"O Coeficiente de Instabilidade Natural &raquo; Portal TDI Brasil +\" \/>\n<meta property=\"og:description\" content=\"H\u00e1 na natureza um coeficiente de instabilidade que tende aumentar conforme a redu\u00e7\u00e3o das restri\u00e7\u00f5es sobre um sistema. Os graus de liberdade s\u00e3o inversamente proporcionais ao n\u00famero de restri\u00e7\u00f5es.\" \/>\n<meta property=\"og:url\" content=\"https:\/\/tdibrasil.org\/index.php\/2019\/03\/18\/o-coeficiente-de-instabilidade-natural\/\" \/>\n<meta property=\"og:site_name\" content=\"Portal TDI Brasil +\" \/>\n<meta property=\"article:publisher\" content=\"https:\/\/www.facebook.com\/TeoriadoDesignInteligente\/\" \/>\n<meta property=\"article:published_time\" content=\"2019-03-19T02:29:07+00:00\" \/>\n<meta property=\"og:image\" content=\"https:\/\/tdibrasil.org\/wp-content\/uploads\/2019\/03\/stnightvgogh-1.jpg\" \/>\n\t<meta property=\"og:image:width\" content=\"660\" \/>\n\t<meta property=\"og:image:height\" content=\"410\" \/>\n\t<meta property=\"og:image:type\" content=\"image\/jpeg\" \/>\n<meta name=\"twitter:card\" content=\"summary_large_image\" \/>\n<meta name=\"twitter:label1\" content=\"Escrito por\" \/>\n\t<meta name=\"twitter:data1\" content=\"Eskelsen\" \/>\n\t<meta name=\"twitter:label2\" content=\"Est. tempo de leitura\" \/>\n\t<meta name=\"twitter:data2\" content=\"3 minutos\" \/>\n<script type=\"application\/ld+json\" class=\"yoast-schema-graph\">{\"@context\":\"https:\/\/schema.org\",\"@graph\":[{\"@type\":\"Organization\",\"@id\":\"https:\/\/tdibrasil.org\/#organization\",\"name\":\"TDI Brasil +\",\"url\":\"https:\/\/tdibrasil.org\/\",\"sameAs\":[\"https:\/\/www.facebook.com\/TeoriadoDesignInteligente\/\"],\"logo\":{\"@type\":\"ImageObject\",\"inLanguage\":\"pt-BR\",\"@id\":\"https:\/\/tdibrasil.org\/#\/schema\/logo\/image\/\",\"url\":\"https:\/\/tdibrasil.org\/wp-content\/uploads\/2020\/05\/whats.jpg\",\"contentUrl\":\"https:\/\/tdibrasil.org\/wp-content\/uploads\/2020\/05\/whats.jpg\",\"width\":512,\"height\":512,\"caption\":\"TDI Brasil +\"},\"image\":{\"@id\":\"https:\/\/tdibrasil.org\/#\/schema\/logo\/image\/\"}},{\"@type\":\"WebSite\",\"@id\":\"https:\/\/tdibrasil.org\/#website\",\"url\":\"https:\/\/tdibrasil.org\/\",\"name\":\"Portal TDI Brasil +\",\"description\":\"Teoria do Design Inteligente\",\"publisher\":{\"@id\":\"https:\/\/tdibrasil.org\/#organization\"},\"potentialAction\":[{\"@type\":\"SearchAction\",\"target\":{\"@type\":\"EntryPoint\",\"urlTemplate\":\"https:\/\/tdibrasil.org\/?s={search_term_string}\"},\"query-input\":\"required name=search_term_string\"}],\"inLanguage\":\"pt-BR\"},{\"@type\":\"ImageObject\",\"inLanguage\":\"pt-BR\",\"@id\":\"https:\/\/tdibrasil.org\/index.php\/2019\/03\/18\/o-coeficiente-de-instabilidade-natural\/#primaryimage\",\"url\":\"https:\/\/tdibrasil.org\/wp-content\/uploads\/2019\/03\/stnightvgogh-1.jpg\",\"contentUrl\":\"https:\/\/tdibrasil.org\/wp-content\/uploads\/2019\/03\/stnightvgogh-1.jpg\",\"width\":660,\"height\":410,\"caption\":\"...\"},{\"@type\":\"WebPage\",\"@id\":\"https:\/\/tdibrasil.org\/index.php\/2019\/03\/18\/o-coeficiente-de-instabilidade-natural\/#webpage\",\"url\":\"https:\/\/tdibrasil.org\/index.php\/2019\/03\/18\/o-coeficiente-de-instabilidade-natural\/\",\"name\":\"O Coeficiente de Instabilidade Natural &raquo; Portal TDI Brasil +\",\"isPartOf\":{\"@id\":\"https:\/\/tdibrasil.org\/#website\"},\"primaryImageOfPage\":{\"@id\":\"https:\/\/tdibrasil.org\/index.php\/2019\/03\/18\/o-coeficiente-de-instabilidade-natural\/#primaryimage\"},\"datePublished\":\"2019-03-19T02:29:07+00:00\",\"dateModified\":\"2019-03-19T02:29:07+00:00\",\"description\":\"H\u00e1 na natureza um coeficiente de instabilidade que tende aumentar conforme a redu\u00e7\u00e3o das restri\u00e7\u00f5es sobre um sistema. Os graus de liberdade s\u00e3o inversamente proporcionais ao n\u00famero de restri\u00e7\u00f5es.\",\"breadcrumb\":{\"@id\":\"https:\/\/tdibrasil.org\/index.php\/2019\/03\/18\/o-coeficiente-de-instabilidade-natural\/#breadcrumb\"},\"inLanguage\":\"pt-BR\",\"potentialAction\":[{\"@type\":\"ReadAction\",\"target\":[\"https:\/\/tdibrasil.org\/index.php\/2019\/03\/18\/o-coeficiente-de-instabilidade-natural\/\"]}]},{\"@type\":\"BreadcrumbList\",\"@id\":\"https:\/\/tdibrasil.org\/index.php\/2019\/03\/18\/o-coeficiente-de-instabilidade-natural\/#breadcrumb\",\"itemListElement\":[{\"@type\":\"ListItem\",\"position\":1,\"name\":\"In\u00edcio\",\"item\":\"https:\/\/tdibrasil.org\/\"},{\"@type\":\"ListItem\",\"position\":2,\"name\":\"O Coeficiente de Instabilidade Natural\"}]},{\"@type\":\"Article\",\"@id\":\"https:\/\/tdibrasil.org\/index.php\/2019\/03\/18\/o-coeficiente-de-instabilidade-natural\/#article\",\"isPartOf\":{\"@id\":\"https:\/\/tdibrasil.org\/index.php\/2019\/03\/18\/o-coeficiente-de-instabilidade-natural\/#webpage\"},\"author\":{\"@id\":\"https:\/\/tdibrasil.org\/#\/schema\/person\/793b673d80540fcfafb86b5a908b3a03\"},\"headline\":\"O Coeficiente de Instabilidade Natural\",\"datePublished\":\"2019-03-19T02:29:07+00:00\",\"dateModified\":\"2019-03-19T02:29:07+00:00\",\"mainEntityOfPage\":{\"@id\":\"https:\/\/tdibrasil.org\/index.php\/2019\/03\/18\/o-coeficiente-de-instabilidade-natural\/#webpage\"},\"wordCount\":528,\"commentCount\":0,\"publisher\":{\"@id\":\"https:\/\/tdibrasil.org\/#organization\"},\"image\":{\"@id\":\"https:\/\/tdibrasil.org\/index.php\/2019\/03\/18\/o-coeficiente-de-instabilidade-natural\/#primaryimage\"},\"thumbnailUrl\":\"https:\/\/tdibrasil.org\/wp-content\/uploads\/2019\/03\/stnightvgogh-1.jpg\",\"keywords\":[\"Cibern\u00e9tica\",\"Coeficiente de Instabilidade Natural\",\"Contexto Cibern\u00e9tico\",\"Contexto de Design\",\"Instabilidade Natural\",\"Sistemas Ca\u00f3ticos\"],\"articleSection\":[\"Conceitos\",\"Filosofia do Design\",\"Metaf\u00edsica\"],\"inLanguage\":\"pt-BR\",\"potentialAction\":[{\"@type\":\"CommentAction\",\"name\":\"Comment\",\"target\":[\"https:\/\/tdibrasil.org\/index.php\/2019\/03\/18\/o-coeficiente-de-instabilidade-natural\/#respond\"]}]},{\"@type\":\"Person\",\"@id\":\"https:\/\/tdibrasil.org\/#\/schema\/person\/793b673d80540fcfafb86b5a908b3a03\",\"name\":\"Eskelsen\",\"image\":{\"@type\":\"ImageObject\",\"inLanguage\":\"pt-BR\",\"@id\":\"https:\/\/tdibrasil.org\/#\/schema\/person\/image\/\",\"url\":\"https:\/\/secure.gravatar.com\/avatar\/7a93691c6b95456c7cabcb146a25ef3c?s=96&d=mm&r=g\",\"contentUrl\":\"https:\/\/secure.gravatar.com\/avatar\/7a93691c6b95456c7cabcb146a25ef3c?s=96&d=mm&r=g\",\"caption\":\"Eskelsen\"},\"sameAs\":[\"https:\/\/tdibrasil.org\/index.php\/author\/eskelsen\/\"],\"url\":\"https:\/\/tdibrasil.org\/index.php\/author\/eskelsen\/\"}]}<\/script>\n<!-- \/ Yoast SEO plugin. -->","yoast_head_json":{"title":"O Coeficiente de Instabilidade Natural &raquo; Portal TDI Brasil +","description":"H\u00e1 na natureza um coeficiente de instabilidade que tende aumentar conforme a redu\u00e7\u00e3o das restri\u00e7\u00f5es sobre um sistema. Os graus de liberdade s\u00e3o inversamente proporcionais ao n\u00famero de restri\u00e7\u00f5es.","robots":{"index":"index","follow":"follow","max-snippet":"max-snippet:-1","max-image-preview":"max-image-preview:large","max-video-preview":"max-video-preview:-1"},"canonical":"https:\/\/tdibrasil.org\/index.php\/2019\/03\/18\/o-coeficiente-de-instabilidade-natural\/","og_locale":"pt_BR","og_type":"article","og_title":"O Coeficiente de Instabilidade Natural &raquo; Portal TDI Brasil +","og_description":"H\u00e1 na natureza um coeficiente de instabilidade que tende aumentar conforme a redu\u00e7\u00e3o das restri\u00e7\u00f5es sobre um sistema. Os graus de liberdade s\u00e3o inversamente proporcionais ao n\u00famero de restri\u00e7\u00f5es.","og_url":"https:\/\/tdibrasil.org\/index.php\/2019\/03\/18\/o-coeficiente-de-instabilidade-natural\/","og_site_name":"Portal TDI Brasil +","article_publisher":"https:\/\/www.facebook.com\/TeoriadoDesignInteligente\/","article_published_time":"2019-03-19T02:29:07+00:00","og_image":[{"width":660,"height":410,"url":"https:\/\/tdibrasil.org\/wp-content\/uploads\/2019\/03\/stnightvgogh-1.jpg","type":"image\/jpeg"}],"twitter_card":"summary_large_image","twitter_misc":{"Escrito por":"Eskelsen","Est. tempo de leitura":"3 minutos"},"schema":{"@context":"https:\/\/schema.org","@graph":[{"@type":"Organization","@id":"https:\/\/tdibrasil.org\/#organization","name":"TDI Brasil +","url":"https:\/\/tdibrasil.org\/","sameAs":["https:\/\/www.facebook.com\/TeoriadoDesignInteligente\/"],"logo":{"@type":"ImageObject","inLanguage":"pt-BR","@id":"https:\/\/tdibrasil.org\/#\/schema\/logo\/image\/","url":"https:\/\/tdibrasil.org\/wp-content\/uploads\/2020\/05\/whats.jpg","contentUrl":"https:\/\/tdibrasil.org\/wp-content\/uploads\/2020\/05\/whats.jpg","width":512,"height":512,"caption":"TDI Brasil +"},"image":{"@id":"https:\/\/tdibrasil.org\/#\/schema\/logo\/image\/"}},{"@type":"WebSite","@id":"https:\/\/tdibrasil.org\/#website","url":"https:\/\/tdibrasil.org\/","name":"Portal TDI Brasil +","description":"Teoria do Design Inteligente","publisher":{"@id":"https:\/\/tdibrasil.org\/#organization"},"potentialAction":[{"@type":"SearchAction","target":{"@type":"EntryPoint","urlTemplate":"https:\/\/tdibrasil.org\/?s={search_term_string}"},"query-input":"required name=search_term_string"}],"inLanguage":"pt-BR"},{"@type":"ImageObject","inLanguage":"pt-BR","@id":"https:\/\/tdibrasil.org\/index.php\/2019\/03\/18\/o-coeficiente-de-instabilidade-natural\/#primaryimage","url":"https:\/\/tdibrasil.org\/wp-content\/uploads\/2019\/03\/stnightvgogh-1.jpg","contentUrl":"https:\/\/tdibrasil.org\/wp-content\/uploads\/2019\/03\/stnightvgogh-1.jpg","width":660,"height":410,"caption":"..."},{"@type":"WebPage","@id":"https:\/\/tdibrasil.org\/index.php\/2019\/03\/18\/o-coeficiente-de-instabilidade-natural\/#webpage","url":"https:\/\/tdibrasil.org\/index.php\/2019\/03\/18\/o-coeficiente-de-instabilidade-natural\/","name":"O Coeficiente de Instabilidade Natural &raquo; Portal TDI Brasil +","isPartOf":{"@id":"https:\/\/tdibrasil.org\/#website"},"primaryImageOfPage":{"@id":"https:\/\/tdibrasil.org\/index.php\/2019\/03\/18\/o-coeficiente-de-instabilidade-natural\/#primaryimage"},"datePublished":"2019-03-19T02:29:07+00:00","dateModified":"2019-03-19T02:29:07+00:00","description":"H\u00e1 na natureza um coeficiente de instabilidade que tende aumentar conforme a redu\u00e7\u00e3o das restri\u00e7\u00f5es sobre um sistema. Os graus de liberdade s\u00e3o inversamente proporcionais ao n\u00famero de restri\u00e7\u00f5es.","breadcrumb":{"@id":"https:\/\/tdibrasil.org\/index.php\/2019\/03\/18\/o-coeficiente-de-instabilidade-natural\/#breadcrumb"},"inLanguage":"pt-BR","potentialAction":[{"@type":"ReadAction","target":["https:\/\/tdibrasil.org\/index.php\/2019\/03\/18\/o-coeficiente-de-instabilidade-natural\/"]}]},{"@type":"BreadcrumbList","@id":"https:\/\/tdibrasil.org\/index.php\/2019\/03\/18\/o-coeficiente-de-instabilidade-natural\/#breadcrumb","itemListElement":[{"@type":"ListItem","position":1,"name":"In\u00edcio","item":"https:\/\/tdibrasil.org\/"},{"@type":"ListItem","position":2,"name":"O Coeficiente de Instabilidade Natural"}]},{"@type":"Article","@id":"https:\/\/tdibrasil.org\/index.php\/2019\/03\/18\/o-coeficiente-de-instabilidade-natural\/#article","isPartOf":{"@id":"https:\/\/tdibrasil.org\/index.php\/2019\/03\/18\/o-coeficiente-de-instabilidade-natural\/#webpage"},"author":{"@id":"https:\/\/tdibrasil.org\/#\/schema\/person\/793b673d80540fcfafb86b5a908b3a03"},"headline":"O Coeficiente de Instabilidade Natural","datePublished":"2019-03-19T02:29:07+00:00","dateModified":"2019-03-19T02:29:07+00:00","mainEntityOfPage":{"@id":"https:\/\/tdibrasil.org\/index.php\/2019\/03\/18\/o-coeficiente-de-instabilidade-natural\/#webpage"},"wordCount":528,"commentCount":0,"publisher":{"@id":"https:\/\/tdibrasil.org\/#organization"},"image":{"@id":"https:\/\/tdibrasil.org\/index.php\/2019\/03\/18\/o-coeficiente-de-instabilidade-natural\/#primaryimage"},"thumbnailUrl":"https:\/\/tdibrasil.org\/wp-content\/uploads\/2019\/03\/stnightvgogh-1.jpg","keywords":["Cibern\u00e9tica","Coeficiente de Instabilidade Natural","Contexto Cibern\u00e9tico","Contexto de Design","Instabilidade Natural","Sistemas Ca\u00f3ticos"],"articleSection":["Conceitos","Filosofia do Design","Metaf\u00edsica"],"inLanguage":"pt-BR","potentialAction":[{"@type":"CommentAction","name":"Comment","target":["https:\/\/tdibrasil.org\/index.php\/2019\/03\/18\/o-coeficiente-de-instabilidade-natural\/#respond"]}]},{"@type":"Person","@id":"https:\/\/tdibrasil.org\/#\/schema\/person\/793b673d80540fcfafb86b5a908b3a03","name":"Eskelsen","image":{"@type":"ImageObject","inLanguage":"pt-BR","@id":"https:\/\/tdibrasil.org\/#\/schema\/person\/image\/","url":"https:\/\/secure.gravatar.com\/avatar\/7a93691c6b95456c7cabcb146a25ef3c?s=96&d=mm&r=g","contentUrl":"https:\/\/secure.gravatar.com\/avatar\/7a93691c6b95456c7cabcb146a25ef3c?s=96&d=mm&r=g","caption":"Eskelsen"},"sameAs":["https:\/\/tdibrasil.org\/index.php\/author\/eskelsen\/"],"url":"https:\/\/tdibrasil.org\/index.php\/author\/eskelsen\/"}]}},"_links":{"self":[{"href":"https:\/\/tdibrasil.org\/index.php\/wp-json\/wp\/v2\/posts\/6074"}],"collection":[{"href":"https:\/\/tdibrasil.org\/index.php\/wp-json\/wp\/v2\/posts"}],"about":[{"href":"https:\/\/tdibrasil.org\/index.php\/wp-json\/wp\/v2\/types\/post"}],"author":[{"embeddable":true,"href":"https:\/\/tdibrasil.org\/index.php\/wp-json\/wp\/v2\/users\/1"}],"replies":[{"embeddable":true,"href":"https:\/\/tdibrasil.org\/index.php\/wp-json\/wp\/v2\/comments?post=6074"}],"version-history":[{"count":0,"href":"https:\/\/tdibrasil.org\/index.php\/wp-json\/wp\/v2\/posts\/6074\/revisions"}],"wp:featuredmedia":[{"embeddable":true,"href":"https:\/\/tdibrasil.org\/index.php\/wp-json\/wp\/v2\/media\/6137"}],"wp:attachment":[{"href":"https:\/\/tdibrasil.org\/index.php\/wp-json\/wp\/v2\/media?parent=6074"}],"wp:term":[{"taxonomy":"category","embeddable":true,"href":"https:\/\/tdibrasil.org\/index.php\/wp-json\/wp\/v2\/categories?post=6074"},{"taxonomy":"post_tag","embeddable":true,"href":"https:\/\/tdibrasil.org\/index.php\/wp-json\/wp\/v2\/tags?post=6074"}],"curies":[{"name":"wp","href":"https:\/\/api.w.org\/{rel}","templated":true}]}}