{"id":59,"date":"2015-11-24T21:45:08","date_gmt":"2015-11-24T23:45:08","guid":{"rendered":"http:\/\/tdibrasil.org\/?p=59"},"modified":"2021-10-12T19:38:41","modified_gmt":"2021-10-12T22:38:41","slug":"a-filosofia-no-design-inteligente-no-caso-do-bad-design","status":"publish","type":"post","link":"https:\/\/tdibrasil.org\/index.php\/2015\/11\/24\/a-filosofia-no-design-inteligente-no-caso-do-bad-design\/","title":{"rendered":"A Filosofia no Design Inteligente no caso do Bad Design"},"content":{"rendered":"<figure style=\"width: 1000px\" class=\"wp-caption aligncenter\"><img loading=\"lazy\" decoding=\"async\" src=\"https:\/\/tdibrasil.org\/wp-content\/uploads\/2015\/11\/leaky-bucket.jpg\" alt=\"\" width=\"1000\" height=\"667\" \/><figcaption class=\"wp-caption-text\"><center>A Filosofia no Design Inteligente no caso do Bad Design.<\/center><\/figcaption><\/figure>\n<p style=\"text-align: justify;\">O argumento do design mal feito (bad design), considerado relativamente mais fraco contra o design, na verdade permite um bel\u00edssimo contra-argumento dentro da quest\u00e3o levantada.<\/p>\n<p style=\"text-align: justify;\">Os principais conceitos utilizados nesse tipo de argumento s\u00e3o:<\/p>\n<p>\u2729 Defeito<br \/>\n\u2729 Erro<br \/>\n\u2729 Problema<br \/>\n\u2729 Imperfei\u00e7\u00e3o<\/p>\n<p style=\"text-align: justify;\">Ent\u00e3o vem o por\u00e9m:<!--more--> qualquer um destes conceitos s\u00f3 existe no design.<\/p>\n<p style=\"text-align: justify;\">Ningu\u00e9m olha para a disposi\u00e7\u00e3o de pedras na beira do rio e diz que est\u00e3o da forma errada, ou ent\u00e3o que as dunas do deserto est\u00e3o com alguma imperfei\u00e7\u00e3o, muito menos que existe um defeito em po\u00e7as de \u00e1gua. Todo e qualquer um destes conceitos s\u00f3 existe no contexto de design.<\/p>\n<p style=\"text-align: justify;\">Dentro deste argumento \u00e9 apresentado o argumento relacionado a doen\u00e7as, no contexto apresentam como falha do design, por\u00e9m se o design de alguma forma se degradou, degradou de um estado padr\u00e3o, tamb\u00e9m chamado de estado original. O pior \u00e9 que essas falhas vem exclusivamente da mat\u00e9ria-prima da teoria contr\u00e1ria ao design, uma das classes de varia\u00e7\u00e3o chamada muta\u00e7\u00e3o.<\/p>\n<p style=\"text-align: justify;\">No fim n\u00e3o existe qualquer racionalidade no contra-argumento (ou argumento de bad-design), assim como toda filosofia relativista apresenta contradi\u00e7\u00f5es internas.<\/p>\n<p>Link para o original:<br \/>\nA Filosofia no Design Inteligente<\/p>\n<p>Conhe\u00e7a a Academia de Filosofia:<br \/>\nAcademia de Filosofia(Facebook)<\/p>\n","protected":false},"excerpt":{"rendered":"<div class=\"mh-excerpt\"><p>O argumento do design mal feito (bad design), considerado relativamente mais fraco contra o design, na verdade permite um bel\u00edssimo contra-argumento dentro da quest\u00e3o levantada. <a class=\"mh-excerpt-more\" href=\"https:\/\/tdibrasil.org\/index.php\/2015\/11\/24\/a-filosofia-no-design-inteligente-no-caso-do-bad-design\/\" title=\"A Filosofia no Design Inteligente no caso do Bad Design\">[&#8230;]<\/a><\/p>\n<\/div>","protected":false},"author":1,"featured_media":2248,"comment_status":"open","ping_status":"open","sticky":false,"template":"","format":"standard","meta":{"footnotes":""},"categories":[22],"tags":[232,427,430,798],"class_list":["post-59","post","type-post","status-publish","format-standard","has-post-thumbnail","hentry","category-filosofia-do-design","tag-correntes-filosoficas","tag-filosofia","tag-filosofia-do-design","tag-realismo"],"yoast_head":"<!-- This site is optimized with the Yoast SEO plugin v18.9 - https:\/\/yoast.com\/wordpress\/plugins\/seo\/ -->\n<title>A Filosofia no Design Inteligente no caso do Bad Design &raquo; Portal TDI Brasil +<\/title>\n<meta name=\"description\" content=\"O argumento do design mal feito (bad design), considerado relativamente mais fraco contra o design, na verdade permite um bel\u00edssimo contra-argumento\" \/>\n<meta name=\"robots\" content=\"index, follow, max-snippet:-1, max-image-preview:large, max-video-preview:-1\" \/>\n<link rel=\"canonical\" href=\"https:\/\/tdibrasil.org\/index.php\/2015\/11\/24\/a-filosofia-no-design-inteligente-no-caso-do-bad-design\/\" \/>\n<meta property=\"og:locale\" content=\"pt_BR\" \/>\n<meta property=\"og:type\" content=\"article\" \/>\n<meta property=\"og:title\" content=\"A Filosofia no Design Inteligente no caso do Bad Design &raquo; Portal TDI Brasil +\" \/>\n<meta property=\"og:description\" content=\"O argumento do design mal feito (bad design), considerado relativamente mais fraco contra o design, na verdade permite um bel\u00edssimo contra-argumento\" \/>\n<meta property=\"og:url\" content=\"https:\/\/tdibrasil.org\/index.php\/2015\/11\/24\/a-filosofia-no-design-inteligente-no-caso-do-bad-design\/\" \/>\n<meta property=\"og:site_name\" content=\"Portal TDI Brasil +\" \/>\n<meta property=\"article:publisher\" content=\"https:\/\/www.facebook.com\/TeoriadoDesignInteligente\/\" \/>\n<meta property=\"article:published_time\" content=\"2015-11-24T23:45:08+00:00\" \/>\n<meta property=\"article:modified_time\" content=\"2021-10-12T22:38:41+00:00\" \/>\n<meta property=\"og:image\" content=\"https:\/\/tdibrasil.org\/wp-content\/uploads\/2015\/11\/leaky-bucket-1.jpg\" \/>\n\t<meta property=\"og:image:width\" content=\"1000\" \/>\n\t<meta property=\"og:image:height\" content=\"667\" \/>\n\t<meta property=\"og:image:type\" content=\"image\/jpeg\" \/>\n<meta name=\"twitter:card\" content=\"summary_large_image\" \/>\n<meta name=\"twitter:label1\" content=\"Escrito por\" \/>\n\t<meta name=\"twitter:data1\" content=\"Eskelsen\" \/>\n\t<meta name=\"twitter:label2\" content=\"Est. tempo de leitura\" \/>\n\t<meta name=\"twitter:data2\" content=\"1 minuto\" \/>\n<script type=\"application\/ld+json\" class=\"yoast-schema-graph\">{\"@context\":\"https:\/\/schema.org\",\"@graph\":[{\"@type\":\"Organization\",\"@id\":\"https:\/\/tdibrasil.org\/#organization\",\"name\":\"TDI Brasil +\",\"url\":\"https:\/\/tdibrasil.org\/\",\"sameAs\":[\"https:\/\/www.facebook.com\/TeoriadoDesignInteligente\/\"],\"logo\":{\"@type\":\"ImageObject\",\"inLanguage\":\"pt-BR\",\"@id\":\"https:\/\/tdibrasil.org\/#\/schema\/logo\/image\/\",\"url\":\"https:\/\/tdibrasil.org\/wp-content\/uploads\/2020\/05\/whats.jpg\",\"contentUrl\":\"https:\/\/tdibrasil.org\/wp-content\/uploads\/2020\/05\/whats.jpg\",\"width\":512,\"height\":512,\"caption\":\"TDI Brasil +\"},\"image\":{\"@id\":\"https:\/\/tdibrasil.org\/#\/schema\/logo\/image\/\"}},{\"@type\":\"WebSite\",\"@id\":\"https:\/\/tdibrasil.org\/#website\",\"url\":\"https:\/\/tdibrasil.org\/\",\"name\":\"Portal TDI Brasil +\",\"description\":\"Teoria do Design Inteligente\",\"publisher\":{\"@id\":\"https:\/\/tdibrasil.org\/#organization\"},\"potentialAction\":[{\"@type\":\"SearchAction\",\"target\":{\"@type\":\"EntryPoint\",\"urlTemplate\":\"https:\/\/tdibrasil.org\/?s={search_term_string}\"},\"query-input\":\"required name=search_term_string\"}],\"inLanguage\":\"pt-BR\"},{\"@type\":\"ImageObject\",\"inLanguage\":\"pt-BR\",\"@id\":\"https:\/\/tdibrasil.org\/index.php\/2015\/11\/24\/a-filosofia-no-design-inteligente-no-caso-do-bad-design\/#primaryimage\",\"url\":\"https:\/\/tdibrasil.org\/wp-content\/uploads\/2015\/11\/leaky-bucket-1.jpg\",\"contentUrl\":\"https:\/\/tdibrasil.org\/wp-content\/uploads\/2015\/11\/leaky-bucket-1.jpg\",\"width\":1000,\"height\":667},{\"@type\":\"WebPage\",\"@id\":\"https:\/\/tdibrasil.org\/index.php\/2015\/11\/24\/a-filosofia-no-design-inteligente-no-caso-do-bad-design\/#webpage\",\"url\":\"https:\/\/tdibrasil.org\/index.php\/2015\/11\/24\/a-filosofia-no-design-inteligente-no-caso-do-bad-design\/\",\"name\":\"A Filosofia no Design Inteligente no caso do Bad Design &raquo; Portal TDI Brasil +\",\"isPartOf\":{\"@id\":\"https:\/\/tdibrasil.org\/#website\"},\"primaryImageOfPage\":{\"@id\":\"https:\/\/tdibrasil.org\/index.php\/2015\/11\/24\/a-filosofia-no-design-inteligente-no-caso-do-bad-design\/#primaryimage\"},\"datePublished\":\"2015-11-24T23:45:08+00:00\",\"dateModified\":\"2021-10-12T22:38:41+00:00\",\"description\":\"O argumento do design mal feito (bad design), considerado relativamente mais fraco contra o design, na verdade permite um bel\u00edssimo contra-argumento\",\"breadcrumb\":{\"@id\":\"https:\/\/tdibrasil.org\/index.php\/2015\/11\/24\/a-filosofia-no-design-inteligente-no-caso-do-bad-design\/#breadcrumb\"},\"inLanguage\":\"pt-BR\",\"potentialAction\":[{\"@type\":\"ReadAction\",\"target\":[\"https:\/\/tdibrasil.org\/index.php\/2015\/11\/24\/a-filosofia-no-design-inteligente-no-caso-do-bad-design\/\"]}]},{\"@type\":\"BreadcrumbList\",\"@id\":\"https:\/\/tdibrasil.org\/index.php\/2015\/11\/24\/a-filosofia-no-design-inteligente-no-caso-do-bad-design\/#breadcrumb\",\"itemListElement\":[{\"@type\":\"ListItem\",\"position\":1,\"name\":\"In\u00edcio\",\"item\":\"https:\/\/tdibrasil.org\/\"},{\"@type\":\"ListItem\",\"position\":2,\"name\":\"A Filosofia no Design Inteligente no caso do Bad Design\"}]},{\"@type\":\"Article\",\"@id\":\"https:\/\/tdibrasil.org\/index.php\/2015\/11\/24\/a-filosofia-no-design-inteligente-no-caso-do-bad-design\/#article\",\"isPartOf\":{\"@id\":\"https:\/\/tdibrasil.org\/index.php\/2015\/11\/24\/a-filosofia-no-design-inteligente-no-caso-do-bad-design\/#webpage\"},\"author\":{\"@id\":\"https:\/\/tdibrasil.org\/#\/schema\/person\/793b673d80540fcfafb86b5a908b3a03\"},\"headline\":\"A Filosofia no Design Inteligente no caso do Bad Design\",\"datePublished\":\"2015-11-24T23:45:08+00:00\",\"dateModified\":\"2021-10-12T22:38:41+00:00\",\"mainEntityOfPage\":{\"@id\":\"https:\/\/tdibrasil.org\/index.php\/2015\/11\/24\/a-filosofia-no-design-inteligente-no-caso-do-bad-design\/#webpage\"},\"wordCount\":245,\"commentCount\":1,\"publisher\":{\"@id\":\"https:\/\/tdibrasil.org\/#organization\"},\"image\":{\"@id\":\"https:\/\/tdibrasil.org\/index.php\/2015\/11\/24\/a-filosofia-no-design-inteligente-no-caso-do-bad-design\/#primaryimage\"},\"thumbnailUrl\":\"https:\/\/tdibrasil.org\/wp-content\/uploads\/2015\/11\/leaky-bucket-1.jpg\",\"keywords\":[\"correntes filos\u00f3ficas\",\"Filosofia\",\"filosofia do design\",\"realismo\"],\"articleSection\":[\"Filosofia do Design\"],\"inLanguage\":\"pt-BR\",\"potentialAction\":[{\"@type\":\"CommentAction\",\"name\":\"Comment\",\"target\":[\"https:\/\/tdibrasil.org\/index.php\/2015\/11\/24\/a-filosofia-no-design-inteligente-no-caso-do-bad-design\/#respond\"]}]},{\"@type\":\"Person\",\"@id\":\"https:\/\/tdibrasil.org\/#\/schema\/person\/793b673d80540fcfafb86b5a908b3a03\",\"name\":\"Eskelsen\",\"image\":{\"@type\":\"ImageObject\",\"inLanguage\":\"pt-BR\",\"@id\":\"https:\/\/tdibrasil.org\/#\/schema\/person\/image\/\",\"url\":\"https:\/\/secure.gravatar.com\/avatar\/7a93691c6b95456c7cabcb146a25ef3c?s=96&d=mm&r=g\",\"contentUrl\":\"https:\/\/secure.gravatar.com\/avatar\/7a93691c6b95456c7cabcb146a25ef3c?s=96&d=mm&r=g\",\"caption\":\"Eskelsen\"},\"sameAs\":[\"https:\/\/tdibrasil.org\/index.php\/author\/eskelsen\/\"],\"url\":\"https:\/\/tdibrasil.org\/index.php\/author\/eskelsen\/\"}]}<\/script>\n<!-- \/ Yoast SEO plugin. -->","yoast_head_json":{"title":"A Filosofia no Design Inteligente no caso do Bad Design &raquo; Portal TDI Brasil +","description":"O argumento do design mal feito (bad design), considerado relativamente mais fraco contra o design, na verdade permite um bel\u00edssimo contra-argumento","robots":{"index":"index","follow":"follow","max-snippet":"max-snippet:-1","max-image-preview":"max-image-preview:large","max-video-preview":"max-video-preview:-1"},"canonical":"https:\/\/tdibrasil.org\/index.php\/2015\/11\/24\/a-filosofia-no-design-inteligente-no-caso-do-bad-design\/","og_locale":"pt_BR","og_type":"article","og_title":"A Filosofia no Design Inteligente no caso do Bad Design &raquo; Portal TDI Brasil +","og_description":"O argumento do design mal feito (bad design), considerado relativamente mais fraco contra o design, na verdade permite um bel\u00edssimo contra-argumento","og_url":"https:\/\/tdibrasil.org\/index.php\/2015\/11\/24\/a-filosofia-no-design-inteligente-no-caso-do-bad-design\/","og_site_name":"Portal TDI Brasil +","article_publisher":"https:\/\/www.facebook.com\/TeoriadoDesignInteligente\/","article_published_time":"2015-11-24T23:45:08+00:00","article_modified_time":"2021-10-12T22:38:41+00:00","og_image":[{"width":1000,"height":667,"url":"https:\/\/tdibrasil.org\/wp-content\/uploads\/2015\/11\/leaky-bucket-1.jpg","type":"image\/jpeg"}],"twitter_card":"summary_large_image","twitter_misc":{"Escrito por":"Eskelsen","Est. tempo de leitura":"1 minuto"},"schema":{"@context":"https:\/\/schema.org","@graph":[{"@type":"Organization","@id":"https:\/\/tdibrasil.org\/#organization","name":"TDI Brasil +","url":"https:\/\/tdibrasil.org\/","sameAs":["https:\/\/www.facebook.com\/TeoriadoDesignInteligente\/"],"logo":{"@type":"ImageObject","inLanguage":"pt-BR","@id":"https:\/\/tdibrasil.org\/#\/schema\/logo\/image\/","url":"https:\/\/tdibrasil.org\/wp-content\/uploads\/2020\/05\/whats.jpg","contentUrl":"https:\/\/tdibrasil.org\/wp-content\/uploads\/2020\/05\/whats.jpg","width":512,"height":512,"caption":"TDI Brasil +"},"image":{"@id":"https:\/\/tdibrasil.org\/#\/schema\/logo\/image\/"}},{"@type":"WebSite","@id":"https:\/\/tdibrasil.org\/#website","url":"https:\/\/tdibrasil.org\/","name":"Portal TDI Brasil +","description":"Teoria do Design Inteligente","publisher":{"@id":"https:\/\/tdibrasil.org\/#organization"},"potentialAction":[{"@type":"SearchAction","target":{"@type":"EntryPoint","urlTemplate":"https:\/\/tdibrasil.org\/?s={search_term_string}"},"query-input":"required name=search_term_string"}],"inLanguage":"pt-BR"},{"@type":"ImageObject","inLanguage":"pt-BR","@id":"https:\/\/tdibrasil.org\/index.php\/2015\/11\/24\/a-filosofia-no-design-inteligente-no-caso-do-bad-design\/#primaryimage","url":"https:\/\/tdibrasil.org\/wp-content\/uploads\/2015\/11\/leaky-bucket-1.jpg","contentUrl":"https:\/\/tdibrasil.org\/wp-content\/uploads\/2015\/11\/leaky-bucket-1.jpg","width":1000,"height":667},{"@type":"WebPage","@id":"https:\/\/tdibrasil.org\/index.php\/2015\/11\/24\/a-filosofia-no-design-inteligente-no-caso-do-bad-design\/#webpage","url":"https:\/\/tdibrasil.org\/index.php\/2015\/11\/24\/a-filosofia-no-design-inteligente-no-caso-do-bad-design\/","name":"A Filosofia no Design Inteligente no caso do Bad Design &raquo; Portal TDI Brasil +","isPartOf":{"@id":"https:\/\/tdibrasil.org\/#website"},"primaryImageOfPage":{"@id":"https:\/\/tdibrasil.org\/index.php\/2015\/11\/24\/a-filosofia-no-design-inteligente-no-caso-do-bad-design\/#primaryimage"},"datePublished":"2015-11-24T23:45:08+00:00","dateModified":"2021-10-12T22:38:41+00:00","description":"O argumento do design mal feito (bad design), considerado relativamente mais fraco contra o design, na verdade permite um bel\u00edssimo contra-argumento","breadcrumb":{"@id":"https:\/\/tdibrasil.org\/index.php\/2015\/11\/24\/a-filosofia-no-design-inteligente-no-caso-do-bad-design\/#breadcrumb"},"inLanguage":"pt-BR","potentialAction":[{"@type":"ReadAction","target":["https:\/\/tdibrasil.org\/index.php\/2015\/11\/24\/a-filosofia-no-design-inteligente-no-caso-do-bad-design\/"]}]},{"@type":"BreadcrumbList","@id":"https:\/\/tdibrasil.org\/index.php\/2015\/11\/24\/a-filosofia-no-design-inteligente-no-caso-do-bad-design\/#breadcrumb","itemListElement":[{"@type":"ListItem","position":1,"name":"In\u00edcio","item":"https:\/\/tdibrasil.org\/"},{"@type":"ListItem","position":2,"name":"A Filosofia no Design Inteligente no caso do Bad Design"}]},{"@type":"Article","@id":"https:\/\/tdibrasil.org\/index.php\/2015\/11\/24\/a-filosofia-no-design-inteligente-no-caso-do-bad-design\/#article","isPartOf":{"@id":"https:\/\/tdibrasil.org\/index.php\/2015\/11\/24\/a-filosofia-no-design-inteligente-no-caso-do-bad-design\/#webpage"},"author":{"@id":"https:\/\/tdibrasil.org\/#\/schema\/person\/793b673d80540fcfafb86b5a908b3a03"},"headline":"A Filosofia no Design Inteligente no caso do Bad Design","datePublished":"2015-11-24T23:45:08+00:00","dateModified":"2021-10-12T22:38:41+00:00","mainEntityOfPage":{"@id":"https:\/\/tdibrasil.org\/index.php\/2015\/11\/24\/a-filosofia-no-design-inteligente-no-caso-do-bad-design\/#webpage"},"wordCount":245,"commentCount":1,"publisher":{"@id":"https:\/\/tdibrasil.org\/#organization"},"image":{"@id":"https:\/\/tdibrasil.org\/index.php\/2015\/11\/24\/a-filosofia-no-design-inteligente-no-caso-do-bad-design\/#primaryimage"},"thumbnailUrl":"https:\/\/tdibrasil.org\/wp-content\/uploads\/2015\/11\/leaky-bucket-1.jpg","keywords":["correntes filos\u00f3ficas","Filosofia","filosofia do design","realismo"],"articleSection":["Filosofia do Design"],"inLanguage":"pt-BR","potentialAction":[{"@type":"CommentAction","name":"Comment","target":["https:\/\/tdibrasil.org\/index.php\/2015\/11\/24\/a-filosofia-no-design-inteligente-no-caso-do-bad-design\/#respond"]}]},{"@type":"Person","@id":"https:\/\/tdibrasil.org\/#\/schema\/person\/793b673d80540fcfafb86b5a908b3a03","name":"Eskelsen","image":{"@type":"ImageObject","inLanguage":"pt-BR","@id":"https:\/\/tdibrasil.org\/#\/schema\/person\/image\/","url":"https:\/\/secure.gravatar.com\/avatar\/7a93691c6b95456c7cabcb146a25ef3c?s=96&d=mm&r=g","contentUrl":"https:\/\/secure.gravatar.com\/avatar\/7a93691c6b95456c7cabcb146a25ef3c?s=96&d=mm&r=g","caption":"Eskelsen"},"sameAs":["https:\/\/tdibrasil.org\/index.php\/author\/eskelsen\/"],"url":"https:\/\/tdibrasil.org\/index.php\/author\/eskelsen\/"}]}},"_links":{"self":[{"href":"https:\/\/tdibrasil.org\/index.php\/wp-json\/wp\/v2\/posts\/59"}],"collection":[{"href":"https:\/\/tdibrasil.org\/index.php\/wp-json\/wp\/v2\/posts"}],"about":[{"href":"https:\/\/tdibrasil.org\/index.php\/wp-json\/wp\/v2\/types\/post"}],"author":[{"embeddable":true,"href":"https:\/\/tdibrasil.org\/index.php\/wp-json\/wp\/v2\/users\/1"}],"replies":[{"embeddable":true,"href":"https:\/\/tdibrasil.org\/index.php\/wp-json\/wp\/v2\/comments?post=59"}],"version-history":[{"count":2,"href":"https:\/\/tdibrasil.org\/index.php\/wp-json\/wp\/v2\/posts\/59\/revisions"}],"predecessor-version":[{"id":9967,"href":"https:\/\/tdibrasil.org\/index.php\/wp-json\/wp\/v2\/posts\/59\/revisions\/9967"}],"wp:featuredmedia":[{"embeddable":true,"href":"https:\/\/tdibrasil.org\/index.php\/wp-json\/wp\/v2\/media\/2248"}],"wp:attachment":[{"href":"https:\/\/tdibrasil.org\/index.php\/wp-json\/wp\/v2\/media?parent=59"}],"wp:term":[{"taxonomy":"category","embeddable":true,"href":"https:\/\/tdibrasil.org\/index.php\/wp-json\/wp\/v2\/categories?post=59"},{"taxonomy":"post_tag","embeddable":true,"href":"https:\/\/tdibrasil.org\/index.php\/wp-json\/wp\/v2\/tags?post=59"}],"curies":[{"name":"wp","href":"https:\/\/api.w.org\/{rel}","templated":true}]}}