{"id":4861,"date":"2018-12-11T23:40:06","date_gmt":"2018-12-12T01:40:06","guid":{"rendered":"http:\/\/tdibrasil.org\/?p=4861"},"modified":"2021-10-10T12:13:50","modified_gmt":"2021-10-10T15:13:50","slug":"os-ervs-compartilhados-suportam-ancestralidade-comum","status":"publish","type":"post","link":"https:\/\/tdibrasil.org\/index.php\/2018\/12\/11\/os-ervs-compartilhados-suportam-ancestralidade-comum\/","title":{"rendered":"Os ERVs Compartilhados Suportam Ancestralidade Comum?"},"content":{"rendered":"<figure id=\"attachment_4865\" aria-describedby=\"caption-attachment-4865\" style=\"width: 580px\" class=\"wp-caption aligncenter\"><img loading=\"lazy\" decoding=\"async\" class=\"size-full wp-image-4865\" src=\"https:\/\/tdibrasil.org\/wp-content\/uploads\/2018\/12\/ervsii.jpg\" alt=\"\" width=\"580\" height=\"409\" \/><figcaption id=\"caption-attachment-4865\" class=\"wp-caption-text\"><center>Um tipo de retrov\u00edrus e seus componentes.<\/center><\/figcaption><\/figure>\n<hr \/>\n<p>Por <strong>Jonathan M.<\/strong> <em>(adapta\u00e7\u00e3o)<\/em><\/p>\n<p style=\"text-align: justify;\"><span>Em meu\u00a0<\/span><a href=\"https:\/\/tdibrasil.org\/index.php\/2018\/12\/10\/revisitando-uma-antiga-questao-retrovirus-e-ancestralidade-comum\/\" target=\"_blank\" rel=\"noopener noreferrer\"><span>artigo anterior<\/span><\/a><span>, discuti o contexto de um dos argumentos mais comumente usados \u200b\u200bpara ancestralidade comum de primatas.\u00a0Neste artigo, quero examinar a primeira das tr\u00eas camadas de evid\u00eancia oferecidas por um\u00a0<\/span><a href=\"https:\/\/www.evolutionarymodel.com\/ervs.htm\"><span>artigo de n\u00edvel popular<\/span><\/a><span>\u00a0escrito sobre esse assunto.<\/span><\/p>\n<p style=\"text-align: justify;\"><span>O autor do artigo em discuss\u00e3o nos diz:<\/span><\/p>\n<blockquote>\n<p style=\"text-align: justify;\"><span>Quando examinamos o genoma coletivo do Homo sapiens, descobrimos que uma parte dele consiste de ERVs (IHGS Consortium, 2001).\u00a0<\/span><span>Tamb\u00e9m descobrimos que os humanos compartilham a maioria deles com chimpanz\u00e9s, assim como os outros membros de Hominidae (grandes s\u00edmios), os membros de Hylobatidae (gib\u00f5es), e at\u00e9 mesmo os membros de Cercopitheciodae (s\u00edmios do velho mundo) (Kurdyukov et al., 2001; Lebedev et al., 2000; Medstrand e Mager, 1998; Anderssen et al., 1997; Steinhuber et al., 1995).\u00a0<\/span><span>Uma vez que os seres humanos n\u00e3o podem e\/ou n\u00e3o podem procriar regularmente e ter descendentes f\u00e9rteis com membros dessas esp\u00e9cies e, portanto, n\u00e3o fazem contribui\u00e7\u00f5es consider\u00e1veis \u200b\u200bpara seus reservat\u00f3rios gen\u00e9ticos, e vice-versa, sua heran\u00e7a n\u00e3o pode ser resultado de uni\u00f5es de esp\u00e9cies modernas.\u00a0<\/span><span>Como mencionado anteriormente, a integra\u00e7\u00e3o paralela \u00e9 descartada pela <strong>sele\u00e7\u00e3o de alvos altamente aleat\u00f3ria<\/strong> da integrase.\u00a0<\/span><span>E mesmo que fosse mais espec\u00edfico do que o observado, <strong>exigiria tantas inser\u00e7\u00f5es e endogeniza\u00e7\u00f5es simult\u00e2neas que o modelo evolucion\u00e1rio ainda seria tremendamente mais parcimonioso<\/strong>.\u00a0<\/span><span>Isso deixa apenas um caminho pelo qual uma ERV poderia ter sido herdada: atrav\u00e9s da reprodu\u00e7\u00e3o sexual de organismos de uma esp\u00e9cie que <strong>mais tarde divergiram para a qual os organismos que compartilham a ERV pertencem<\/strong>, ou seja, uma esp\u00e9cie ancestral &#8211; simplesmente: humanos e outros primatas devem compartilhar ascend\u00eancia comum.<\/span><\/p>\n<\/blockquote>\n<p><span>Qu\u00e3o espec\u00edficas\u00a0<\/span><em><span>s\u00e3o<\/span><\/em><span>\u00a0as integra\u00e7\u00f5es do ERV?\u00a0Na parte do artigo intitulada \u201crespostas criacionistas comuns\u201d, nos \u00e9 dito que:<\/span><\/p>\n<blockquote>\n<p style=\"text-align: justify;\"><span>\u2026 Enquanto a inser\u00e7\u00e3o proviral n\u00e3o \u00e9 puramente aleat\u00f3ria, tamb\u00e9m n\u00e3o \u00e9 espec\u00edfica de <em>locus<\/em>;\u00a0<\/span><span>devido \u00e0 forma como ataca diretamente as liga\u00e7\u00f5es fosfodi\u00e9ster 5 &#8216;e 3&#8217;, sem necessidade de ligadura (Skinner et al., 2001).\u00a0<\/span><span>Assim, em rela\u00e7\u00e3o \u00e0 aleatoriedade pura, a inser\u00e7\u00e3o \u00e9 n\u00e3o aleat\u00f3ria, mas em rela\u00e7\u00e3o \u00e0 especificidade do <em>locus<\/em>, a inser\u00e7\u00e3o \u00e9 altamente aleat\u00f3ria.<\/span><\/p>\n<\/blockquote>\n<p><em><span>Mesmo?<\/span><\/em><\/p>\n<p style=\"text-align: justify;\"><span>Vamos tirar alguns momentos para fazer o que qualquer bom estudante de biologia faria &#8211; e examinar brevemente parte da literatura.\u00a0<\/span><span>Em um estudo relevante,\u00a0<\/span><a href=\"https:\/\/www.ncbi.nlm.nih.gov\/pubmed\/11378389\"><span>Barbulescu\u00a0<\/span><em><span>et al.\u00a0<\/span><\/em><span>(2001)<\/span><\/a><span>\u00a0relatam que:<\/span><\/p>\n<blockquote>\n<p style=\"text-align: justify;\"><span>Identificamos um prov\u00edrus de retrov\u00edrus end\u00f3geno humano K (HERV-K) que est\u00e1 presente na posi\u00e7\u00e3o ort\u00f3loga nos genomas dos gorilas e chimpanz\u00e9s, mas n\u00e3o no genoma humano.\u00a0<\/span><strong><span>Os humanos cont\u00eam um local de pr\u00e9-integra\u00e7\u00e3o intacto neste local.\u00a0<\/span><\/strong><span>[enfase adicionada]<\/span><\/p>\n<\/blockquote>\n<p style=\"text-align: justify;\"><span>Parece que a explica\u00e7\u00e3o mais plaus\u00edvel para isso \u00e9 uma <strong>inser\u00e7\u00e3o independente<\/strong> nas linhagens de gorilas e chimpanz\u00e9s.\u00a0Observe que o local de pr\u00e9-integra\u00e7\u00e3o intacto no <em>locus<\/em> pertinente em humanos <strong>exclui a possibilidade<\/strong> de o prov\u00edrus HERV-K ter sido inserido no genoma do ancestral comum de humanos, chimpanz\u00e9s e gorilas, e <strong>subsequentemente perdido<\/strong> do genoma humano por processos de recombina\u00e7\u00e3o gen\u00e9tica.\u00a0Embora existam outras hip\u00f3teses poss\u00edveis para esta observa\u00e7\u00e3o (como a ordena\u00e7\u00e3o de linhagem incompleta), no contexto de outras indica\u00e7\u00f5es de prefer\u00eancia de local espec\u00edfico de <em>locus<\/em>, esses dados <strong>s\u00e3o, no m\u00ednimo, sugestivos de que essas inser\u00e7\u00f5es podem de fato ser eventos independentes<\/strong>.<\/span><\/p>\n<p><span>Mas tem mais.\u00a0<\/span><\/p>\n<p><span>Outro estudo, de\u00a0<\/span><a href=\"https:\/\/www.sciencedirect.com\/science\/article\/pii\/S0014579398004785\"><span>Sverdlov (1998)<\/span><\/a><span>\u00a0relata que:<\/span><\/p>\n<blockquote>\n<p style=\"text-align: justify;\"><span>Mas embora esse conceito de seletividade de retrov\u00edrus esteja prevalecendo atualmente, praticamente todas as regi\u00f5es gen\u00f4micas foram relatadas como usadas como alvos prim\u00e1rios de integra\u00e7\u00e3o, por\u00e9m com prefer\u00eancias diferentes.\u00a0Foram identificados &#8220;pontos quentes&#8221; contendo sites de integra\u00e7\u00e3o usados \u200b\u200bat\u00e9\u00a0<\/span><strong><span>280 vezes mais do que o previsto matematicamente<\/span><\/strong><span>\u00a0.\u00a0[enfase adicionada]<\/span><\/p>\n<\/blockquote>\n<p><span>Al\u00e9m disso,\u00a0<\/span><a href=\"https:\/\/www.somosbacteriasyvirus.com\/orangutans.pdf\"><span>Yohn\u00a0<\/span><em><span>et al.\u00a0<\/span><\/em><span>(2005)<\/span><\/a><span>\u00a0relatam que:<\/span><\/p>\n<blockquote>\n<p style=\"text-align: justify;\"><span>Transmiss\u00f5es horizontais entre esp\u00e9cies t\u00eam sido propostas, mas existem poucas evid\u00eancias para tais eventos na linhagem humana\/s\u00edmia da evolu\u00e7\u00e3o.\u00a0<\/span><span>Com base na an\u00e1lise da sequ\u00eancia do genoma do chimpanz\u00e9 BAC acabado, caracterizamos um elemento retroviral (Pantroglodytes endogenous retrovirus 1 [PTERV1]) que se integrou na linhagem germinativa de grandes s\u00edmios africanos e s\u00edmios do Velho Mundo, mas est\u00e1 ausente dos humanos e dos genomas de primatas asi\u00e1ticos.<\/span><\/p>\n<\/blockquote>\n<p style=\"text-align: justify;\"><span>Eu poderia continuar na mesma linha por algum tempo.\u00a0Outras classes de retroelementos tamb\u00e9m mostram prefer\u00eancias de <strong>sites-alvo bastante espec\u00edficas<\/strong>.\u00a0Por exemplo,\u00a0<\/span><a href=\"https:\/\/nar.oxfordjournals.org\/content\/38\/5\/1515.full\"><span>Levy\u00a0<\/span><em><span>et al.\u00a0<\/span><\/em><span>(2009)<\/span><\/a><span>\u00a0relatam que os\u00a0retroelementos\u00a0<\/span><em><span>Alu<\/span><\/em><span>\u00a0rotineiramente se inserem preferencialmente em certas classes de elementos transpon\u00edveis j\u00e1 presentes, e o fazem com uma orienta\u00e7\u00e3o espec\u00edfica e em localiza\u00e7\u00f5es espec\u00edficas dentro da sequ\u00eancia de elementos m\u00f3veis.\u00a0Al\u00e9m disso, um estudo publicado na\u00a0<\/span><em><span>Science<\/span><\/em><span>\u00a0por\u00a0<\/span><a href=\"https:\/\/www.sciencemag.org\/content\/326\/5957\/1260\"><span>Li\u00a0<\/span><em><span>et al.\u00a0<\/span><\/em><span>(2009)<\/span><\/a><span>\u00a0descobriram que, no genoma da pulgas-de-\u00e1gua os introns rotineiramente se inserem nos mesmos <em>locus<\/em>, levando o bi\u00f3logo evolucionista, aclamado internacionalmente,\u00a0\u00a0<\/span><a href=\"https:\/\/www.sciencedaily.com\/releases\/2009\/12\/091210111148.htm\"><span>Michael Lynch a notar<\/span><\/a><span>:<\/span><\/p>\n<blockquote>\n<p style=\"text-align: justify;\">Notavelmente, encontramos muitos casos de ganhos de intr\u00e3o paralelos em essencialmente os mesmos locais em gen\u00f3tipos independentes.\u00a0Isso <strong>argumenta fortemente contra a suposi\u00e7\u00e3o<\/strong> comum de que quando duas esp\u00e9cies compartilham introns no mesmo local, \u00e9 sempre devido \u00e0 heran\u00e7a de um ancestral comum.<\/p>\n<\/blockquote>\n<p><span>Finalmente,\u00a0<\/span><a href=\"https:\/\/nar.oxfordjournals.org\/content\/13\/24\/8939.abstract\"><span>Daniels e Deininger (1985)<\/span><\/a><span>\u00a0sugerem que:<\/span><\/p>\n<blockquote>\n<p style=\"text-align: justify;\"><span>\u2026 Existe um mecanismo comum para a inser\u00e7\u00e3o de muitas fam\u00edlias de DNA repetitivo em novos locais gen\u00f4micos.\u00a0<\/span><span>\u00c9 proporcionado um mecanismo modificado para integra\u00e7\u00e3o espec\u00edfica de local de sequ\u00eancias de ADN repetitivas de primatas que requer inser\u00e7\u00e3o em sequ\u00eancias ricas em dA no genoma.\u00a0<\/span><span>Este modelo \u00e9 consistente com a rela\u00e7\u00e3o observada entre as subfam\u00edlias galago Tipo II, sugerindo que elas surgiram n\u00e3o por mera muta\u00e7\u00e3o, mas por <strong>eventos independentes de integra\u00e7\u00e3o<\/strong>.<\/span><\/p>\n<\/blockquote>\n<p style=\"text-align: justify;\"><span>Essas prefer\u00eancias do site de destino tamb\u00e9m s\u00e3o documentadas\u00a0<\/span><a href=\"https:\/\/www.ncbi.nlm.nih.gov\/sites\/entrez?Db=PubMed&amp;Cmd=ShowDetailView&amp;TermToSearch=15168737&amp;ordinalpos=1&amp;itool=EntrezSystem2.PEntrez.Pubmed.Pubmed_ResultsPanel.Pubmed_RVAbstractPlus\"><span>aqui<\/span><\/a><span>\u00a0,\u00a0<\/span><a href=\"http:\/\/www.plosbiology.org\/article\/info:doi\/10.1371\/journal.pbio.0020234\"><span>aqui<\/span><\/a><span>\u00a0e\u00a0<\/span><span>aqui<\/span><span>.<\/span><\/p>\n<p style=\"text-align: justify;\"><em><span>Por<\/span><\/em><span>\u00a0que essas prefer\u00eancias de site do ERV existem?\u00a0Presumivelmente, porque esses locais s\u00e3o mais prop\u00edcios \u00e0 sua reprodu\u00e7\u00e3o bem-sucedida (por exemplo, a necessidade de express\u00e3o dos elementos reguladores do ERV, a atividade do sistema de corre\u00e7\u00e3o do DNA do hospedeiro, etc.).\u00a0<\/span><a href=\"http:\/\/www.plosbiology.org\/article\/info:doi\/10.1371\/journal.pbio.0020234\"><span>Mitchell\u00a0<\/span><em><span>et al.\u00a0<\/span><\/em><span>(2004)<\/span><\/a><span>\u00a0sugerem\u00a0<\/span><em><span>que \u201ca liga\u00e7\u00e3o espec\u00edfica de v\u00edrus dos complexos de integra\u00e7\u00e3o \u00e0s caracter\u00edsticas da cromatina provavelmente guia a sele\u00e7\u00e3o do local\u201d.<\/span><\/em><\/p>\n<p style=\"text-align: justify;\"><span>Dentre dezenas de milhares de elementos do ERV no genoma humano, aproximadamente quantos s\u00e3o conhecidos por ocupar os mesmos locais em humanos e chimpanz\u00e9s?\u00a0De acordo com\u00a0<\/span><a href=\"http:\/\/www.talkorigins.org\/faqs\/comdesc\/section4.html\"><span>este artigo da Talk-Origins<\/span><\/a>\u00a0<span>pelo menos sete.\u00a0Vamos cham\u00e1-lo de <strong>menos de uma d\u00fazia<\/strong>.\u00a0Dado o grande n\u00famero desses retrov\u00edrus em nosso genoma (literalmente <strong>dezenas de milhares<\/strong>), e respondendo pela evid\u00eancia de prefer\u00eancias de integra\u00e7\u00e3o e vieses de site que eu documentei acima, quais s\u00e3o as chances de encontrar um punhado de elementos de ERV que se inseriram independentemente no mesmo <em>locus<\/em>?<\/span><\/p>\n<p><strong>Uma hierarquia aninhada?<\/strong><\/p>\n<p><span>E quanto a essa &#8220;hierarquia aninhada&#8221; da qual nos dizem?<\/span><\/p>\n<p style=\"text-align: justify;\"><span>Somos (incorretamente)\u00a0<\/span><a href=\"https:\/\/www.evolutionarymodel.com\/ervs.htm\"><span>informados de<\/span><\/a><span>\u00a0que\u00a0<\/span><em><span>\u201cexiste apenas um desvio solit\u00e1rio conhecido da hierarquia distribu\u00edda aninhada;\u00a0um ERV relativamente recentemente endogenizado\/fixado chamado HERV-K-GC1\u201d.\u00a0<\/span><\/em><span>Essa alega\u00e7\u00e3o, entretanto, \u00e9\u00a0<\/span><em><span>falsa<\/span><\/em><span>.\u00a0\u00a0<\/span><span>Al\u00e9m do caso mencionado,\u00a0<\/span><a href=\"https:\/\/www.ncbi.nlm.nih.gov\/pmc\/articles\/PMC1054887\/\"><span>Yohn<\/span><em><span>et al.\u00a0<\/span><\/em><span>(2005)<\/span><\/a><span>\u00a0relata:<\/span><\/p>\n<blockquote>\n<p style=\"text-align: justify;\"><span>Realizamos duas an\u00e1lises para determinar se esses 12 intervalos compartilhados podem, de fato, ser ort\u00f3logos.\u00a0Primeiro, examinamos a distribui\u00e7\u00e3o de locais compartilhados entre esp\u00e9cies (Tabela S3).\u00a0Descobrimos que a distribui\u00e7\u00e3o \u00e9 inconsistente com a filogenia geralmente aceita dos primatas catarrinos.\u00a0Isto \u00e9 particularmente relevante para a linhagem humana\/grandes s\u00edmios.\u00a0Por exemplo, apenas um intervalo \u00e9 compartilhado por gorila e chimpanz\u00e9;\u00a0no entanto, dois intervalos s\u00e3o compartilhados por gorila e babu\u00edno;\u00a0enquanto tr\u00eas intervalos aparentemente s\u00e3o compartilhados por macacos e chimpanz\u00e9s.\u00a0Nossa an\u00e1lise de Southern mostra que humanos e orangotangos carecem completamente da sequ\u00eancia PTERV1 (veja a Figura 2A).\u00a0Se esses locais fossem verdadeiramente ort\u00f3logos e, portanto, ancestrais no ancestral humano\/s\u00edmios, seria necess\u00e1rio que pelo menos seis desses locais fossem exclu\u00eddos na linhagem humana.\u00a0Al\u00e9m disso,\u00a0os mesmos seis locais exatos tamb\u00e9m teriam que ser deletados na linhagem do orangotango se a filogenia geralmente aceita estiver correta.\u00a0Tal s\u00e9rie de eventos de dele\u00e7\u00e3o independentes nos mesmos locais precisos do genoma \u00e9 improv\u00e1vel.<\/span><br \/>\n<span>[\u2026]\u00a0<\/span><br \/>\n<span>V\u00e1rias linhas de evid\u00eancia indicam que c\u00f3pias de chimpanz\u00e9s e gorilas PTERV1 surgiram de uma fonte ex\u00f3gena.\u00a0Primeiro, n\u00e3o h\u00e1 virtualmente nenhuma sobreposi\u00e7\u00e3o (menos de 4%) entre a localiza\u00e7\u00e3o das inser\u00e7\u00f5es entre chimpanz\u00e9s, gorilas, macacos e babu\u00ednos, tornando improv\u00e1vel que c\u00f3pias end\u00f3genas existissem em um ancestral comum e posteriormente fossem exclu\u00eddas na linhagem humana e na\u00a0linhagem de orangotangos.\u00a0Segundo, a \u00e1rvore filogen\u00e9tica PTERV1 \u00e9 inconsistente com a \u00e1rvore de esp\u00e9cies geralmente aceitas para os primatas, sugerindo uma transmiss\u00e3o horizontal em oposi\u00e7\u00e3o a uma transmiss\u00e3o vertical de um ancestral comum de s\u00edmios.\u00a0Uma explica\u00e7\u00e3o alternativa pode ser que a filogenia dos primatas \u00e9 grosseiramente incorreta, como foi proposto por uma minoria de antrop\u00f3logos.<\/span><\/p>\n<\/blockquote>\n<p style=\"text-align: justify;\">Por mais irritante que possa parecer para o modelo evolucion\u00e1rio, h\u00e1, de fato, um n\u00famero significativo de desvios da filogenia ortodoxa.<\/p>\n<p style=\"text-align: justify;\"><span>Na parte final desta s\u00e9rie de blogs, discutirei o argumento baseado em \u201cerros compartilhados\u201d nesses elementos de ERV, bem como o argumento baseado em graus de diverg\u00eancia entre as repeti\u00e7\u00f5es terminais retrovirais de 5 \u2032 e 3 \u2032 de comprimento (LTRs).<\/span><\/p>\n<hr \/>\n<p>Original:\u00a0<strong>Jonathan M<\/strong>. <a href=\"https:\/\/evolutionnews.org\/2011\/05\/do_shared_ervs_support_common_\/\" target=\"_blank\" rel=\"noopener noreferrer\">Do Shared ERVs Support Common Ancestry?<\/a> May 26, 2011.<\/p>\n","protected":false},"excerpt":{"rendered":"<div class=\"mh-excerpt\"><p>Por Jonathan M. (adapta\u00e7\u00e3o) Em meu\u00a0artigo anterior, discuti o contexto de um dos argumentos mais comumente usados \u200b\u200bpara ancestralidade comum de primatas.\u00a0Neste artigo, quero examinar <a class=\"mh-excerpt-more\" href=\"https:\/\/tdibrasil.org\/index.php\/2018\/12\/11\/os-ervs-compartilhados-suportam-ancestralidade-comum\/\" title=\"Os ERVs Compartilhados Suportam Ancestralidade Comum?\">[&#8230;]<\/a><\/p>\n<\/div>","protected":false},"author":1,"featured_media":4865,"comment_status":"open","ping_status":"open","sticky":false,"template":"","format":"standard","meta":{"footnotes":""},"categories":[18,19,40],"tags":[72,332,352,827,829],"class_list":["post-4861","post","type-post","status-publish","format-standard","has-post-thumbnail","hentry","category-evolucao","category-filogenia","category-traducao","tag-ancestralidade-comum","tag-endogenos-retrovirus","tag-erv","tag-retrovirus","tag-retrovirus-endogenos"],"yoast_head":"<!-- This site is optimized with the Yoast SEO plugin v18.9 - https:\/\/yoast.com\/wordpress\/plugins\/seo\/ -->\n<title>Os ERVs Compartilhados Suportam Ancestralidade Comum? &raquo; Portal TDI Brasil +<\/title>\n<meta name=\"description\" content=\"Por Jonathan M. (adapta\u00e7\u00e3o) Em meu\u00a0artigo anterior, discuti o contexto de um dos argumentos mais comumente usados \u200b\u200bpara ancestralidade comum de\" \/>\n<meta name=\"robots\" content=\"index, follow, max-snippet:-1, max-image-preview:large, max-video-preview:-1\" \/>\n<link rel=\"canonical\" href=\"https:\/\/tdibrasil.org\/index.php\/2018\/12\/11\/os-ervs-compartilhados-suportam-ancestralidade-comum\/\" \/>\n<meta property=\"og:locale\" content=\"pt_BR\" \/>\n<meta property=\"og:type\" content=\"article\" \/>\n<meta property=\"og:title\" content=\"Os ERVs Compartilhados Suportam Ancestralidade Comum? &raquo; Portal TDI Brasil +\" \/>\n<meta property=\"og:description\" content=\"Por Jonathan M. (adapta\u00e7\u00e3o) Em meu\u00a0artigo anterior, discuti o contexto de um dos argumentos mais comumente usados \u200b\u200bpara ancestralidade comum de\" \/>\n<meta property=\"og:url\" content=\"https:\/\/tdibrasil.org\/index.php\/2018\/12\/11\/os-ervs-compartilhados-suportam-ancestralidade-comum\/\" \/>\n<meta property=\"og:site_name\" content=\"Portal TDI Brasil +\" \/>\n<meta property=\"article:publisher\" content=\"https:\/\/www.facebook.com\/TeoriadoDesignInteligente\/\" \/>\n<meta property=\"article:published_time\" content=\"2018-12-12T01:40:06+00:00\" \/>\n<meta property=\"article:modified_time\" content=\"2021-10-10T15:13:50+00:00\" \/>\n<meta property=\"og:image\" content=\"https:\/\/tdibrasil.org\/wp-content\/uploads\/2018\/12\/ervsii-1.jpg\" \/>\n\t<meta property=\"og:image:width\" content=\"580\" \/>\n\t<meta property=\"og:image:height\" content=\"409\" \/>\n\t<meta property=\"og:image:type\" content=\"image\/jpeg\" \/>\n<meta name=\"twitter:card\" content=\"summary_large_image\" \/>\n<meta name=\"twitter:label1\" content=\"Escrito por\" \/>\n\t<meta name=\"twitter:data1\" content=\"Eskelsen\" \/>\n\t<meta name=\"twitter:label2\" content=\"Est. tempo de leitura\" \/>\n\t<meta name=\"twitter:data2\" content=\"8 minutos\" \/>\n<script type=\"application\/ld+json\" class=\"yoast-schema-graph\">{\"@context\":\"https:\/\/schema.org\",\"@graph\":[{\"@type\":\"Organization\",\"@id\":\"https:\/\/tdibrasil.org\/#organization\",\"name\":\"TDI Brasil +\",\"url\":\"https:\/\/tdibrasil.org\/\",\"sameAs\":[\"https:\/\/www.facebook.com\/TeoriadoDesignInteligente\/\"],\"logo\":{\"@type\":\"ImageObject\",\"inLanguage\":\"pt-BR\",\"@id\":\"https:\/\/tdibrasil.org\/#\/schema\/logo\/image\/\",\"url\":\"https:\/\/tdibrasil.org\/wp-content\/uploads\/2020\/05\/whats.jpg\",\"contentUrl\":\"https:\/\/tdibrasil.org\/wp-content\/uploads\/2020\/05\/whats.jpg\",\"width\":512,\"height\":512,\"caption\":\"TDI Brasil +\"},\"image\":{\"@id\":\"https:\/\/tdibrasil.org\/#\/schema\/logo\/image\/\"}},{\"@type\":\"WebSite\",\"@id\":\"https:\/\/tdibrasil.org\/#website\",\"url\":\"https:\/\/tdibrasil.org\/\",\"name\":\"Portal TDI Brasil +\",\"description\":\"Teoria do Design Inteligente\",\"publisher\":{\"@id\":\"https:\/\/tdibrasil.org\/#organization\"},\"potentialAction\":[{\"@type\":\"SearchAction\",\"target\":{\"@type\":\"EntryPoint\",\"urlTemplate\":\"https:\/\/tdibrasil.org\/?s={search_term_string}\"},\"query-input\":\"required name=search_term_string\"}],\"inLanguage\":\"pt-BR\"},{\"@type\":\"ImageObject\",\"inLanguage\":\"pt-BR\",\"@id\":\"https:\/\/tdibrasil.org\/index.php\/2018\/12\/11\/os-ervs-compartilhados-suportam-ancestralidade-comum\/#primaryimage\",\"url\":\"https:\/\/tdibrasil.org\/wp-content\/uploads\/2018\/12\/ervsii-1.jpg\",\"contentUrl\":\"https:\/\/tdibrasil.org\/wp-content\/uploads\/2018\/12\/ervsii-1.jpg\",\"width\":580,\"height\":409,\"caption\":\"...\"},{\"@type\":\"WebPage\",\"@id\":\"https:\/\/tdibrasil.org\/index.php\/2018\/12\/11\/os-ervs-compartilhados-suportam-ancestralidade-comum\/#webpage\",\"url\":\"https:\/\/tdibrasil.org\/index.php\/2018\/12\/11\/os-ervs-compartilhados-suportam-ancestralidade-comum\/\",\"name\":\"Os ERVs Compartilhados Suportam Ancestralidade Comum? &raquo; Portal TDI Brasil +\",\"isPartOf\":{\"@id\":\"https:\/\/tdibrasil.org\/#website\"},\"primaryImageOfPage\":{\"@id\":\"https:\/\/tdibrasil.org\/index.php\/2018\/12\/11\/os-ervs-compartilhados-suportam-ancestralidade-comum\/#primaryimage\"},\"datePublished\":\"2018-12-12T01:40:06+00:00\",\"dateModified\":\"2021-10-10T15:13:50+00:00\",\"description\":\"Por Jonathan M. (adapta\u00e7\u00e3o) Em meu\u00a0artigo anterior, discuti o contexto de um dos argumentos mais comumente usados \u200b\u200bpara ancestralidade comum de\",\"breadcrumb\":{\"@id\":\"https:\/\/tdibrasil.org\/index.php\/2018\/12\/11\/os-ervs-compartilhados-suportam-ancestralidade-comum\/#breadcrumb\"},\"inLanguage\":\"pt-BR\",\"potentialAction\":[{\"@type\":\"ReadAction\",\"target\":[\"https:\/\/tdibrasil.org\/index.php\/2018\/12\/11\/os-ervs-compartilhados-suportam-ancestralidade-comum\/\"]}]},{\"@type\":\"BreadcrumbList\",\"@id\":\"https:\/\/tdibrasil.org\/index.php\/2018\/12\/11\/os-ervs-compartilhados-suportam-ancestralidade-comum\/#breadcrumb\",\"itemListElement\":[{\"@type\":\"ListItem\",\"position\":1,\"name\":\"In\u00edcio\",\"item\":\"https:\/\/tdibrasil.org\/\"},{\"@type\":\"ListItem\",\"position\":2,\"name\":\"Os ERVs Compartilhados Suportam Ancestralidade Comum?\"}]},{\"@type\":\"Article\",\"@id\":\"https:\/\/tdibrasil.org\/index.php\/2018\/12\/11\/os-ervs-compartilhados-suportam-ancestralidade-comum\/#article\",\"isPartOf\":{\"@id\":\"https:\/\/tdibrasil.org\/index.php\/2018\/12\/11\/os-ervs-compartilhados-suportam-ancestralidade-comum\/#webpage\"},\"author\":{\"@id\":\"https:\/\/tdibrasil.org\/#\/schema\/person\/793b673d80540fcfafb86b5a908b3a03\"},\"headline\":\"Os ERVs Compartilhados Suportam Ancestralidade Comum?\",\"datePublished\":\"2018-12-12T01:40:06+00:00\",\"dateModified\":\"2021-10-10T15:13:50+00:00\",\"mainEntityOfPage\":{\"@id\":\"https:\/\/tdibrasil.org\/index.php\/2018\/12\/11\/os-ervs-compartilhados-suportam-ancestralidade-comum\/#webpage\"},\"wordCount\":1622,\"commentCount\":0,\"publisher\":{\"@id\":\"https:\/\/tdibrasil.org\/#organization\"},\"image\":{\"@id\":\"https:\/\/tdibrasil.org\/index.php\/2018\/12\/11\/os-ervs-compartilhados-suportam-ancestralidade-comum\/#primaryimage\"},\"thumbnailUrl\":\"https:\/\/tdibrasil.org\/wp-content\/uploads\/2018\/12\/ervsii-1.jpg\",\"keywords\":[\"ancestralidade comum\",\"end\u00f3genos retrov\u00edrus\",\"ERV\",\"Retrovirus\",\"retrov\u00edrus end\u00f3genos\"],\"articleSection\":[\"Evolu\u00e7\u00e3o\",\"Filogenia\",\"Tradu\u00e7\u00e3o\"],\"inLanguage\":\"pt-BR\",\"potentialAction\":[{\"@type\":\"CommentAction\",\"name\":\"Comment\",\"target\":[\"https:\/\/tdibrasil.org\/index.php\/2018\/12\/11\/os-ervs-compartilhados-suportam-ancestralidade-comum\/#respond\"]}]},{\"@type\":\"Person\",\"@id\":\"https:\/\/tdibrasil.org\/#\/schema\/person\/793b673d80540fcfafb86b5a908b3a03\",\"name\":\"Eskelsen\",\"image\":{\"@type\":\"ImageObject\",\"inLanguage\":\"pt-BR\",\"@id\":\"https:\/\/tdibrasil.org\/#\/schema\/person\/image\/\",\"url\":\"https:\/\/secure.gravatar.com\/avatar\/7a93691c6b95456c7cabcb146a25ef3c?s=96&d=mm&r=g\",\"contentUrl\":\"https:\/\/secure.gravatar.com\/avatar\/7a93691c6b95456c7cabcb146a25ef3c?s=96&d=mm&r=g\",\"caption\":\"Eskelsen\"},\"sameAs\":[\"https:\/\/tdibrasil.org\/index.php\/author\/eskelsen\/\"],\"url\":\"https:\/\/tdibrasil.org\/index.php\/author\/eskelsen\/\"}]}<\/script>\n<!-- \/ Yoast SEO plugin. -->","yoast_head_json":{"title":"Os ERVs Compartilhados Suportam Ancestralidade Comum? &raquo; Portal TDI Brasil +","description":"Por Jonathan M. (adapta\u00e7\u00e3o) Em meu\u00a0artigo anterior, discuti o contexto de um dos argumentos mais comumente usados \u200b\u200bpara ancestralidade comum de","robots":{"index":"index","follow":"follow","max-snippet":"max-snippet:-1","max-image-preview":"max-image-preview:large","max-video-preview":"max-video-preview:-1"},"canonical":"https:\/\/tdibrasil.org\/index.php\/2018\/12\/11\/os-ervs-compartilhados-suportam-ancestralidade-comum\/","og_locale":"pt_BR","og_type":"article","og_title":"Os ERVs Compartilhados Suportam Ancestralidade Comum? &raquo; Portal TDI Brasil +","og_description":"Por Jonathan M. (adapta\u00e7\u00e3o) Em meu\u00a0artigo anterior, discuti o contexto de um dos argumentos mais comumente usados \u200b\u200bpara ancestralidade comum de","og_url":"https:\/\/tdibrasil.org\/index.php\/2018\/12\/11\/os-ervs-compartilhados-suportam-ancestralidade-comum\/","og_site_name":"Portal TDI Brasil +","article_publisher":"https:\/\/www.facebook.com\/TeoriadoDesignInteligente\/","article_published_time":"2018-12-12T01:40:06+00:00","article_modified_time":"2021-10-10T15:13:50+00:00","og_image":[{"width":580,"height":409,"url":"https:\/\/tdibrasil.org\/wp-content\/uploads\/2018\/12\/ervsii-1.jpg","type":"image\/jpeg"}],"twitter_card":"summary_large_image","twitter_misc":{"Escrito por":"Eskelsen","Est. tempo de leitura":"8 minutos"},"schema":{"@context":"https:\/\/schema.org","@graph":[{"@type":"Organization","@id":"https:\/\/tdibrasil.org\/#organization","name":"TDI Brasil +","url":"https:\/\/tdibrasil.org\/","sameAs":["https:\/\/www.facebook.com\/TeoriadoDesignInteligente\/"],"logo":{"@type":"ImageObject","inLanguage":"pt-BR","@id":"https:\/\/tdibrasil.org\/#\/schema\/logo\/image\/","url":"https:\/\/tdibrasil.org\/wp-content\/uploads\/2020\/05\/whats.jpg","contentUrl":"https:\/\/tdibrasil.org\/wp-content\/uploads\/2020\/05\/whats.jpg","width":512,"height":512,"caption":"TDI Brasil +"},"image":{"@id":"https:\/\/tdibrasil.org\/#\/schema\/logo\/image\/"}},{"@type":"WebSite","@id":"https:\/\/tdibrasil.org\/#website","url":"https:\/\/tdibrasil.org\/","name":"Portal TDI Brasil +","description":"Teoria do Design Inteligente","publisher":{"@id":"https:\/\/tdibrasil.org\/#organization"},"potentialAction":[{"@type":"SearchAction","target":{"@type":"EntryPoint","urlTemplate":"https:\/\/tdibrasil.org\/?s={search_term_string}"},"query-input":"required name=search_term_string"}],"inLanguage":"pt-BR"},{"@type":"ImageObject","inLanguage":"pt-BR","@id":"https:\/\/tdibrasil.org\/index.php\/2018\/12\/11\/os-ervs-compartilhados-suportam-ancestralidade-comum\/#primaryimage","url":"https:\/\/tdibrasil.org\/wp-content\/uploads\/2018\/12\/ervsii-1.jpg","contentUrl":"https:\/\/tdibrasil.org\/wp-content\/uploads\/2018\/12\/ervsii-1.jpg","width":580,"height":409,"caption":"..."},{"@type":"WebPage","@id":"https:\/\/tdibrasil.org\/index.php\/2018\/12\/11\/os-ervs-compartilhados-suportam-ancestralidade-comum\/#webpage","url":"https:\/\/tdibrasil.org\/index.php\/2018\/12\/11\/os-ervs-compartilhados-suportam-ancestralidade-comum\/","name":"Os ERVs Compartilhados Suportam Ancestralidade Comum? &raquo; Portal TDI Brasil +","isPartOf":{"@id":"https:\/\/tdibrasil.org\/#website"},"primaryImageOfPage":{"@id":"https:\/\/tdibrasil.org\/index.php\/2018\/12\/11\/os-ervs-compartilhados-suportam-ancestralidade-comum\/#primaryimage"},"datePublished":"2018-12-12T01:40:06+00:00","dateModified":"2021-10-10T15:13:50+00:00","description":"Por Jonathan M. (adapta\u00e7\u00e3o) Em meu\u00a0artigo anterior, discuti o contexto de um dos argumentos mais comumente usados \u200b\u200bpara ancestralidade comum de","breadcrumb":{"@id":"https:\/\/tdibrasil.org\/index.php\/2018\/12\/11\/os-ervs-compartilhados-suportam-ancestralidade-comum\/#breadcrumb"},"inLanguage":"pt-BR","potentialAction":[{"@type":"ReadAction","target":["https:\/\/tdibrasil.org\/index.php\/2018\/12\/11\/os-ervs-compartilhados-suportam-ancestralidade-comum\/"]}]},{"@type":"BreadcrumbList","@id":"https:\/\/tdibrasil.org\/index.php\/2018\/12\/11\/os-ervs-compartilhados-suportam-ancestralidade-comum\/#breadcrumb","itemListElement":[{"@type":"ListItem","position":1,"name":"In\u00edcio","item":"https:\/\/tdibrasil.org\/"},{"@type":"ListItem","position":2,"name":"Os ERVs Compartilhados Suportam Ancestralidade Comum?"}]},{"@type":"Article","@id":"https:\/\/tdibrasil.org\/index.php\/2018\/12\/11\/os-ervs-compartilhados-suportam-ancestralidade-comum\/#article","isPartOf":{"@id":"https:\/\/tdibrasil.org\/index.php\/2018\/12\/11\/os-ervs-compartilhados-suportam-ancestralidade-comum\/#webpage"},"author":{"@id":"https:\/\/tdibrasil.org\/#\/schema\/person\/793b673d80540fcfafb86b5a908b3a03"},"headline":"Os ERVs Compartilhados Suportam Ancestralidade Comum?","datePublished":"2018-12-12T01:40:06+00:00","dateModified":"2021-10-10T15:13:50+00:00","mainEntityOfPage":{"@id":"https:\/\/tdibrasil.org\/index.php\/2018\/12\/11\/os-ervs-compartilhados-suportam-ancestralidade-comum\/#webpage"},"wordCount":1622,"commentCount":0,"publisher":{"@id":"https:\/\/tdibrasil.org\/#organization"},"image":{"@id":"https:\/\/tdibrasil.org\/index.php\/2018\/12\/11\/os-ervs-compartilhados-suportam-ancestralidade-comum\/#primaryimage"},"thumbnailUrl":"https:\/\/tdibrasil.org\/wp-content\/uploads\/2018\/12\/ervsii-1.jpg","keywords":["ancestralidade comum","end\u00f3genos retrov\u00edrus","ERV","Retrovirus","retrov\u00edrus end\u00f3genos"],"articleSection":["Evolu\u00e7\u00e3o","Filogenia","Tradu\u00e7\u00e3o"],"inLanguage":"pt-BR","potentialAction":[{"@type":"CommentAction","name":"Comment","target":["https:\/\/tdibrasil.org\/index.php\/2018\/12\/11\/os-ervs-compartilhados-suportam-ancestralidade-comum\/#respond"]}]},{"@type":"Person","@id":"https:\/\/tdibrasil.org\/#\/schema\/person\/793b673d80540fcfafb86b5a908b3a03","name":"Eskelsen","image":{"@type":"ImageObject","inLanguage":"pt-BR","@id":"https:\/\/tdibrasil.org\/#\/schema\/person\/image\/","url":"https:\/\/secure.gravatar.com\/avatar\/7a93691c6b95456c7cabcb146a25ef3c?s=96&d=mm&r=g","contentUrl":"https:\/\/secure.gravatar.com\/avatar\/7a93691c6b95456c7cabcb146a25ef3c?s=96&d=mm&r=g","caption":"Eskelsen"},"sameAs":["https:\/\/tdibrasil.org\/index.php\/author\/eskelsen\/"],"url":"https:\/\/tdibrasil.org\/index.php\/author\/eskelsen\/"}]}},"_links":{"self":[{"href":"https:\/\/tdibrasil.org\/index.php\/wp-json\/wp\/v2\/posts\/4861"}],"collection":[{"href":"https:\/\/tdibrasil.org\/index.php\/wp-json\/wp\/v2\/posts"}],"about":[{"href":"https:\/\/tdibrasil.org\/index.php\/wp-json\/wp\/v2\/types\/post"}],"author":[{"embeddable":true,"href":"https:\/\/tdibrasil.org\/index.php\/wp-json\/wp\/v2\/users\/1"}],"replies":[{"embeddable":true,"href":"https:\/\/tdibrasil.org\/index.php\/wp-json\/wp\/v2\/comments?post=4861"}],"version-history":[{"count":7,"href":"https:\/\/tdibrasil.org\/index.php\/wp-json\/wp\/v2\/posts\/4861\/revisions"}],"predecessor-version":[{"id":9955,"href":"https:\/\/tdibrasil.org\/index.php\/wp-json\/wp\/v2\/posts\/4861\/revisions\/9955"}],"wp:featuredmedia":[{"embeddable":true,"href":"https:\/\/tdibrasil.org\/index.php\/wp-json\/wp\/v2\/media\/4865"}],"wp:attachment":[{"href":"https:\/\/tdibrasil.org\/index.php\/wp-json\/wp\/v2\/media?parent=4861"}],"wp:term":[{"taxonomy":"category","embeddable":true,"href":"https:\/\/tdibrasil.org\/index.php\/wp-json\/wp\/v2\/categories?post=4861"},{"taxonomy":"post_tag","embeddable":true,"href":"https:\/\/tdibrasil.org\/index.php\/wp-json\/wp\/v2\/tags?post=4861"}],"curies":[{"name":"wp","href":"https:\/\/api.w.org\/{rel}","templated":true}]}}