{"id":4302,"date":"2018-08-08T16:25:59","date_gmt":"2018-08-08T19:25:59","guid":{"rendered":"http:\/\/tdibrasil.org\/?p=4302"},"modified":"2018-08-08T16:25:59","modified_gmt":"2018-08-08T19:25:59","slug":"a-humanae-vitae-e-o-design-inteligente","status":"publish","type":"post","link":"https:\/\/tdibrasil.org\/index.php\/2018\/08\/08\/a-humanae-vitae-e-o-design-inteligente\/","title":{"rendered":"A Humanae Vitae e o Design Inteligente"},"content":{"rendered":"<figure id=\"attachment_4304\" aria-describedby=\"caption-attachment-4304\" style=\"width: 596px\" class=\"wp-caption aligncenter\"><img loading=\"lazy\" decoding=\"async\" src=\"https:\/\/tdibrasil.org\/wp-content\/uploads\/2018\/08\/humanae-vitae-596x335.jpg\" alt=\"\" width=\"596\" height=\"335\" class=\"size-large wp-image-4304\" \/><figcaption id=\"caption-attachment-4304\" class=\"wp-caption-text\"><center><em>Humanae Vitae<\/em> (&#8220;Da vida humana&#8221;), enc\u00edclica escrita pelo Papa Paulo VI. Publicada em 25 de Julho de 1968.<\/center><\/figcaption><\/figure>\n<hr \/>\n<p>Por <strong>Michael Egnor<\/strong><\/p>\n<p style=\"text-align: justify;\">Em 25 de julho de 1968, o beato Papa Paulo VI publicou sua enc\u00edclica <em>Humanae Vitae<\/em>. Foi, e \u00e9, o documento cat\u00f3lico mais controverso do s\u00e9culo passado, e talvez de qualquer s\u00e9culo. A enc\u00edclica afirmou a proibi\u00e7\u00e3o da Igreja \u00e0 contracep\u00e7\u00e3o, desafiando a maioria dos membros da comiss\u00e3o do papa formada para estudar a quest\u00e3o, e desafiando o esp\u00edrito sexual da era moderna. Da\u00ed a tempestade de fogo.<\/p>\n<p style=\"text-align: justify;\">Paulo VI compreendeu que a aceita\u00e7\u00e3o da contracep\u00e7\u00e3o e da \u00e9tica sexual do mundo moderno seria uma reviravolta radical na compreens\u00e3o da Igreja sobre os seres humanos e a lei moral. O que quer que se pense sobre contracep\u00e7\u00e3o, \u00e9 ineg\u00e1vel que a <em>Humanae Vitae<\/em> era prof\u00e9tica. Paulo VI previu que a modernidade sexual, exemplificada pela contracep\u00e7\u00e3o, levaria \u00e0 infidelidade e ao decl\u00ednio moral , \u00e0 perda de respeito pelas mulheres, ao abuso de poder por parte das autoridades p\u00fablicas e a afirma\u00e7\u00f5es destrutivas e radicais de autonomia sobre nossos corpos.<\/p>\n<p><strong>Uma Reflex\u00e3o Profunda<\/strong><\/p>\n<p style=\"text-align: justify;\">A <em>Humanae Vitae<\/em> foi uma profunda reflex\u00e3o sobre homens e mulheres, sobre a natureza humana e sobre os prop\u00f3sitos inerentes \u00e0 sexualidade e \u00e0 procria\u00e7\u00e3o. A enc\u00edclica \u00e9 uma afirma\u00e7\u00e3o da lei natural &#8211; da vis\u00e3o de que existe bem e mal objetivo e que uma compreens\u00e3o da natureza pode guiar a conduta moral. A enc\u00edclica \u00e9 uma reafirma\u00e7\u00e3o enf\u00e1tica de que o \u201cdever\u201d pode ser derivado do \u201cser\u201d. \u00c9 uma afirma\u00e7\u00e3o de que a natureza tem finalidades e que o homem \u00e9 moralmente obrigado a cumpri-las.<\/p>\n<p style=\"text-align: justify;\">A <em>Humanae Vitae<\/em> \u00e9 uma profunda reflex\u00e3o moral sobre a lei natural &#8211; de prop\u00f3sito &#8211; na sexualidade. O mundo natural, do qual fazemos parte, est\u00e1 imbu\u00eddo de prop\u00f3sito, e esse prop\u00f3sito pode ser inferido a partir de um estudo cuidadoso e objetivo da natureza e do homem. Paulo VI observou que o prop\u00f3sito da sexualidade &#8211; o fim \u00faltimo para o qual existe &#8211; \u00e9 a procria\u00e7\u00e3o, e fechar o ato sexual \u00e0 procria\u00e7\u00e3o \u00e9 uma viola\u00e7\u00e3o da lei natural e, portanto, da lei moral.<\/p>\n<p style=\"text-align: justify;\">Agora existem diferentes perspectivas sobre esta invoca\u00e7\u00e3o da lei natural, mesmo dentro da Igreja, e h\u00e1 muitos que n\u00e3o aceitam a lei natural como um guia moral genu\u00edno. Mas o ponto de vista do pont\u00edfice \u00e9 baseado no discernimento de prop\u00f3sito na sexualidade, e o discernimento de prop\u00f3sito na natureza \u00e9 a pedra angular da \u00e9tica tradicional baseada na lei moral.<\/p>\n<p><strong>Prop\u00f3sito na natureza<\/strong><\/p>\n<p style=\"text-align: justify;\">O discernimento do prop\u00f3sito na natureza n\u00e3o se limita \u00e0 lei moral e \u00e0 sexualidade. A ci\u00eancia \u00e9 o estudo do prop\u00f3sito no mundo f\u00edsico, assim como a \u00e9tica, apropriadamente entendida de acordo com a lei natural, \u00e9 o estudo do prop\u00f3sito na esfera moral. O objetivo do ciclo de Krebs \u00e9 gerar energia; o prop\u00f3sito do cora\u00e7\u00e3o \u00e9 bombear sangue; o prop\u00f3sito da rela\u00e7\u00e3o sexual \u00e9 procriar. Nenhum conhecimento genu\u00edno &#8211; cient\u00edfico ou moral &#8211; do mundo natural pode excluir a infer\u00eancia do prop\u00f3sito\u00b9. Todo ato na cria\u00e7\u00e3o tem um <em>telos<\/em> &#8211; uma meta pela qual ele age. Nem a \u00e9tica nem a ci\u00eancia podem ser feitas apropriadamente sem infer\u00eancia \u00e0 teleologia &#8211; ao design &#8211; na natureza. Assim como a lei natural \u00e9 uma explora\u00e7\u00e3o moral do prop\u00f3sito nos assuntos humanos, o design inteligente \u00e9 uma explora\u00e7\u00e3o cient\u00edfica do prop\u00f3sito &#8211; da teleologia &#8211; na biologia.<\/p>\n<p style=\"text-align: justify;font-size:11px\"><strong>Nota do autor \u00b9:<\/strong> N\u00e3o \u00e9 exclusivamente a teleologia intencional, compreende ainda as tend\u00eancias dos sistemas para um estado final determinado. Mas na biologia, tal como na engenharia, isso \u00e9 mais que verdadeiro: <em>Temos que considerar os organismos como alcan\u00e7ando ou falhando em certos <strong>objetivos<\/strong>, caso contr\u00e1rio, n\u00e3o podemos compreender o que os organismos est\u00e3o fazendo a qualquer momento<\/em> (Gatherer, 2010, citando Polanyi <a href=\"https:\/\/bmcsystbiol.biomedcentral.com\/articles\/10.1186\/1752-0509-4-22\" rel=\"noopener noreferrer\" target=\"_blank\">[acessar]<\/a>).<\/p>\n<p style=\"text-align: justify;\">Neste 50\u00ba anivers\u00e1rio da <em>Humanae Vitae<\/em>, vale a pena refletir sobre a onipresen\u00e7a do prop\u00f3sito no universo. Existe prop\u00f3sito em <em>toda<\/em> a cria\u00e7\u00e3o &#8211; manifesto nas leis cient\u00edficas, na cosmologia, na gen\u00e9tica e na biologia molecular, na fisiologia e na psicologia, n\u00e3o menos que na lei moral. O mundo est\u00e1 saturado de design, na natureza f\u00edsica, assim como nos assuntos morais. E vale a pena notar que a ci\u00eancia do design inteligente tem sido confrontada com intransig\u00eancia e at\u00e9 mesmo com o \u00f3dio que n\u00e3o diferente daquele que saudou a <em>Humanae Vitae<\/em> de Paulo IV cinquenta anos atr\u00e1s.<\/p>\n<p><strong>Um apelo por dignidade<\/strong><\/p>\n<p style=\"text-align: justify;\">A nega\u00e7\u00e3o de prop\u00f3sito na biologia pelos darwinistas \u00e9 veemente. Talvez haja um objetivo maior nessa nega\u00e7\u00e3o. A nega\u00e7\u00e3o de prop\u00f3sito inerente \u00e0 biologia \u00e9 entrela\u00e7ada com a nega\u00e7\u00e3o do prop\u00f3sito inerente \u00e0 moralidade. O reconhecimento do prop\u00f3sito de qualquer tipo inerente \u00e0 natureza \u00e9 um rep\u00fadio da concep\u00e7\u00e3o modernista do homem como o fim de todas as coisas e como o legislador moral final. Tal nega\u00e7\u00e3o de um prop\u00f3sito superior &#8211; de lei moral independente dos desejos do homem &#8211; \u00e9 o fundamento indispens\u00e1vel dos costumes sexuais modernos.<\/p>\n<p style=\"text-align: justify;\">A <em>Humanae Vitae<\/em> era um apelo para reconhecer que a sexualidade humana tem dignidade que transcende o homem e tem objetivos al\u00e9m dos nossos. A lei moral natural, afirmada de maneira t\u00e3o eloquente na <em>Humanae Vitae<\/em>, \u00e9 uma infer\u00eancia do design na moralidade que \u00e9 semelhante \u00e0 infer\u00eancia do design na biologia. Mas para ateus e materialistas, n\u00e3o deve haver nenhum des\u00edgnio na ci\u00eancia, porque isso abriria a porta para um &#8220;p\u00e9 Divino&#8221;, e assim abriria a porta tamb\u00e9m para prop\u00f3sito e transcend\u00eancia na lei moral.<\/p>\n<p style=\"text-align: justify;\">Suspeita-se que \u00e9 a avers\u00e3o ao prop\u00f3sito moral, ainda mais do que a avers\u00e3o ao design biol\u00f3gico, que est\u00e1 na raiz da nega\u00e7\u00e3o darwinista do design inteligente.<\/p>\n<p>&#8230;<\/p>\n<p><strong>Michael Egnor<\/strong>. <em>Humanae Vitae<\/em> and Intelligent Design. August 6, 2018.<br \/>\n<a href=\"https:\/\/evolutionnews.org\/2018\/08\/humanae-vitae-and-intelligent-design\/\" rel=\"noopener noreferrer\" target=\"_blank\">(Acessar)<\/a><\/p>\n","protected":false},"excerpt":{"rendered":"<div class=\"mh-excerpt\"><p>Por Michael Egnor Em 25 de julho de 1968, o beato Papa Paulo VI publicou sua enc\u00edclica Humanae Vitae. Foi, e \u00e9, o documento cat\u00f3lico <a class=\"mh-excerpt-more\" href=\"https:\/\/tdibrasil.org\/index.php\/2018\/08\/08\/a-humanae-vitae-e-o-design-inteligente\/\" title=\"A Humanae Vitae e o Design Inteligente\">[&#8230;]<\/a><\/p>\n<\/div>","protected":false},"author":1,"featured_media":4304,"comment_status":"open","ping_status":"open","sticky":false,"template":"","format":"standard","meta":{"footnotes":""},"categories":[25],"tags":[164,494,557],"class_list":["post-4302","post","type-post","status-publish","format-standard","has-post-thumbnail","hentry","category-geral","tag-catolicismo","tag-ideologia","tag-lei-moral"],"yoast_head":"<!-- This site is optimized with the Yoast SEO plugin v18.9 - https:\/\/yoast.com\/wordpress\/plugins\/seo\/ -->\n<title>A Humanae Vitae e o Design Inteligente &raquo; Portal TDI Brasil +<\/title>\n<meta name=\"description\" content=\"Por Michael Egnor Em 25 de julho de 1968, o beato Papa Paulo VI publicou sua enc\u00edclica Humanae Vitae. Foi, e \u00e9, o documento cat\u00f3lico mais controverso do\" \/>\n<meta name=\"robots\" content=\"index, follow, max-snippet:-1, max-image-preview:large, max-video-preview:-1\" \/>\n<link rel=\"canonical\" href=\"https:\/\/tdibrasil.org\/index.php\/2018\/08\/08\/a-humanae-vitae-e-o-design-inteligente\/\" \/>\n<meta property=\"og:locale\" content=\"pt_BR\" \/>\n<meta property=\"og:type\" content=\"article\" \/>\n<meta property=\"og:title\" content=\"A Humanae Vitae e o Design Inteligente &raquo; Portal TDI Brasil +\" \/>\n<meta property=\"og:description\" content=\"Por Michael Egnor Em 25 de julho de 1968, o beato Papa Paulo VI publicou sua enc\u00edclica Humanae Vitae. Foi, e \u00e9, o documento cat\u00f3lico mais controverso do\" \/>\n<meta property=\"og:url\" content=\"https:\/\/tdibrasil.org\/index.php\/2018\/08\/08\/a-humanae-vitae-e-o-design-inteligente\/\" \/>\n<meta property=\"og:site_name\" content=\"Portal TDI Brasil +\" \/>\n<meta property=\"article:publisher\" content=\"https:\/\/www.facebook.com\/TeoriadoDesignInteligente\/\" \/>\n<meta property=\"article:published_time\" content=\"2018-08-08T19:25:59+00:00\" \/>\n<meta property=\"og:image\" content=\"https:\/\/tdibrasil.org\/wp-content\/uploads\/2018\/08\/humanae-vitae-1.jpg\" \/>\n\t<meta property=\"og:image:width\" content=\"1280\" \/>\n\t<meta property=\"og:image:height\" content=\"720\" \/>\n\t<meta property=\"og:image:type\" content=\"image\/jpeg\" \/>\n<meta name=\"twitter:card\" content=\"summary_large_image\" \/>\n<meta name=\"twitter:label1\" content=\"Escrito por\" \/>\n\t<meta name=\"twitter:data1\" content=\"Eskelsen\" \/>\n\t<meta name=\"twitter:label2\" content=\"Est. tempo de leitura\" \/>\n\t<meta name=\"twitter:data2\" content=\"5 minutos\" \/>\n<script type=\"application\/ld+json\" class=\"yoast-schema-graph\">{\"@context\":\"https:\/\/schema.org\",\"@graph\":[{\"@type\":\"Organization\",\"@id\":\"https:\/\/tdibrasil.org\/#organization\",\"name\":\"TDI Brasil +\",\"url\":\"https:\/\/tdibrasil.org\/\",\"sameAs\":[\"https:\/\/www.facebook.com\/TeoriadoDesignInteligente\/\"],\"logo\":{\"@type\":\"ImageObject\",\"inLanguage\":\"pt-BR\",\"@id\":\"https:\/\/tdibrasil.org\/#\/schema\/logo\/image\/\",\"url\":\"https:\/\/tdibrasil.org\/wp-content\/uploads\/2020\/05\/whats.jpg\",\"contentUrl\":\"https:\/\/tdibrasil.org\/wp-content\/uploads\/2020\/05\/whats.jpg\",\"width\":512,\"height\":512,\"caption\":\"TDI Brasil +\"},\"image\":{\"@id\":\"https:\/\/tdibrasil.org\/#\/schema\/logo\/image\/\"}},{\"@type\":\"WebSite\",\"@id\":\"https:\/\/tdibrasil.org\/#website\",\"url\":\"https:\/\/tdibrasil.org\/\",\"name\":\"Portal TDI Brasil +\",\"description\":\"Teoria do Design Inteligente\",\"publisher\":{\"@id\":\"https:\/\/tdibrasil.org\/#organization\"},\"potentialAction\":[{\"@type\":\"SearchAction\",\"target\":{\"@type\":\"EntryPoint\",\"urlTemplate\":\"https:\/\/tdibrasil.org\/?s={search_term_string}\"},\"query-input\":\"required name=search_term_string\"}],\"inLanguage\":\"pt-BR\"},{\"@type\":\"ImageObject\",\"inLanguage\":\"pt-BR\",\"@id\":\"https:\/\/tdibrasil.org\/index.php\/2018\/08\/08\/a-humanae-vitae-e-o-design-inteligente\/#primaryimage\",\"url\":\"https:\/\/tdibrasil.org\/wp-content\/uploads\/2018\/08\/humanae-vitae-1.jpg\",\"contentUrl\":\"https:\/\/tdibrasil.org\/wp-content\/uploads\/2018\/08\/humanae-vitae-1.jpg\",\"width\":1280,\"height\":720,\"caption\":\"Humanae Vitae (em portugu\u00eas \\\"Da vida humana\\\") \u00e9 uma enc\u00edclica escrita pelo Papa Paulo VI. Foi publicada a 25 de Julho de 1968.\"},{\"@type\":\"WebPage\",\"@id\":\"https:\/\/tdibrasil.org\/index.php\/2018\/08\/08\/a-humanae-vitae-e-o-design-inteligente\/#webpage\",\"url\":\"https:\/\/tdibrasil.org\/index.php\/2018\/08\/08\/a-humanae-vitae-e-o-design-inteligente\/\",\"name\":\"A Humanae Vitae e o Design Inteligente &raquo; Portal TDI Brasil +\",\"isPartOf\":{\"@id\":\"https:\/\/tdibrasil.org\/#website\"},\"primaryImageOfPage\":{\"@id\":\"https:\/\/tdibrasil.org\/index.php\/2018\/08\/08\/a-humanae-vitae-e-o-design-inteligente\/#primaryimage\"},\"datePublished\":\"2018-08-08T19:25:59+00:00\",\"dateModified\":\"2018-08-08T19:25:59+00:00\",\"description\":\"Por Michael Egnor Em 25 de julho de 1968, o beato Papa Paulo VI publicou sua enc\u00edclica Humanae Vitae. Foi, e \u00e9, o documento cat\u00f3lico mais controverso do\",\"breadcrumb\":{\"@id\":\"https:\/\/tdibrasil.org\/index.php\/2018\/08\/08\/a-humanae-vitae-e-o-design-inteligente\/#breadcrumb\"},\"inLanguage\":\"pt-BR\",\"potentialAction\":[{\"@type\":\"ReadAction\",\"target\":[\"https:\/\/tdibrasil.org\/index.php\/2018\/08\/08\/a-humanae-vitae-e-o-design-inteligente\/\"]}]},{\"@type\":\"BreadcrumbList\",\"@id\":\"https:\/\/tdibrasil.org\/index.php\/2018\/08\/08\/a-humanae-vitae-e-o-design-inteligente\/#breadcrumb\",\"itemListElement\":[{\"@type\":\"ListItem\",\"position\":1,\"name\":\"In\u00edcio\",\"item\":\"https:\/\/tdibrasil.org\/\"},{\"@type\":\"ListItem\",\"position\":2,\"name\":\"A Humanae Vitae e o Design Inteligente\"}]},{\"@type\":\"Article\",\"@id\":\"https:\/\/tdibrasil.org\/index.php\/2018\/08\/08\/a-humanae-vitae-e-o-design-inteligente\/#article\",\"isPartOf\":{\"@id\":\"https:\/\/tdibrasil.org\/index.php\/2018\/08\/08\/a-humanae-vitae-e-o-design-inteligente\/#webpage\"},\"author\":{\"@id\":\"https:\/\/tdibrasil.org\/#\/schema\/person\/793b673d80540fcfafb86b5a908b3a03\"},\"headline\":\"A Humanae Vitae e o Design Inteligente\",\"datePublished\":\"2018-08-08T19:25:59+00:00\",\"dateModified\":\"2018-08-08T19:25:59+00:00\",\"mainEntityOfPage\":{\"@id\":\"https:\/\/tdibrasil.org\/index.php\/2018\/08\/08\/a-humanae-vitae-e-o-design-inteligente\/#webpage\"},\"wordCount\":1030,\"commentCount\":0,\"publisher\":{\"@id\":\"https:\/\/tdibrasil.org\/#organization\"},\"image\":{\"@id\":\"https:\/\/tdibrasil.org\/index.php\/2018\/08\/08\/a-humanae-vitae-e-o-design-inteligente\/#primaryimage\"},\"thumbnailUrl\":\"https:\/\/tdibrasil.org\/wp-content\/uploads\/2018\/08\/humanae-vitae-1.jpg\",\"keywords\":[\"Catolicismo\",\"Ideologia\",\"lei moral\"],\"articleSection\":[\"Geral\"],\"inLanguage\":\"pt-BR\",\"potentialAction\":[{\"@type\":\"CommentAction\",\"name\":\"Comment\",\"target\":[\"https:\/\/tdibrasil.org\/index.php\/2018\/08\/08\/a-humanae-vitae-e-o-design-inteligente\/#respond\"]}]},{\"@type\":\"Person\",\"@id\":\"https:\/\/tdibrasil.org\/#\/schema\/person\/793b673d80540fcfafb86b5a908b3a03\",\"name\":\"Eskelsen\",\"image\":{\"@type\":\"ImageObject\",\"inLanguage\":\"pt-BR\",\"@id\":\"https:\/\/tdibrasil.org\/#\/schema\/person\/image\/\",\"url\":\"https:\/\/secure.gravatar.com\/avatar\/7a93691c6b95456c7cabcb146a25ef3c?s=96&d=mm&r=g\",\"contentUrl\":\"https:\/\/secure.gravatar.com\/avatar\/7a93691c6b95456c7cabcb146a25ef3c?s=96&d=mm&r=g\",\"caption\":\"Eskelsen\"},\"sameAs\":[\"https:\/\/tdibrasil.org\/index.php\/author\/eskelsen\/\"],\"url\":\"https:\/\/tdibrasil.org\/index.php\/author\/eskelsen\/\"}]}<\/script>\n<!-- \/ Yoast SEO plugin. -->","yoast_head_json":{"title":"A Humanae Vitae e o Design Inteligente &raquo; Portal TDI Brasil +","description":"Por Michael Egnor Em 25 de julho de 1968, o beato Papa Paulo VI publicou sua enc\u00edclica Humanae Vitae. Foi, e \u00e9, o documento cat\u00f3lico mais controverso do","robots":{"index":"index","follow":"follow","max-snippet":"max-snippet:-1","max-image-preview":"max-image-preview:large","max-video-preview":"max-video-preview:-1"},"canonical":"https:\/\/tdibrasil.org\/index.php\/2018\/08\/08\/a-humanae-vitae-e-o-design-inteligente\/","og_locale":"pt_BR","og_type":"article","og_title":"A Humanae Vitae e o Design Inteligente &raquo; Portal TDI Brasil +","og_description":"Por Michael Egnor Em 25 de julho de 1968, o beato Papa Paulo VI publicou sua enc\u00edclica Humanae Vitae. Foi, e \u00e9, o documento cat\u00f3lico mais controverso do","og_url":"https:\/\/tdibrasil.org\/index.php\/2018\/08\/08\/a-humanae-vitae-e-o-design-inteligente\/","og_site_name":"Portal TDI Brasil +","article_publisher":"https:\/\/www.facebook.com\/TeoriadoDesignInteligente\/","article_published_time":"2018-08-08T19:25:59+00:00","og_image":[{"width":1280,"height":720,"url":"https:\/\/tdibrasil.org\/wp-content\/uploads\/2018\/08\/humanae-vitae-1.jpg","type":"image\/jpeg"}],"twitter_card":"summary_large_image","twitter_misc":{"Escrito por":"Eskelsen","Est. tempo de leitura":"5 minutos"},"schema":{"@context":"https:\/\/schema.org","@graph":[{"@type":"Organization","@id":"https:\/\/tdibrasil.org\/#organization","name":"TDI Brasil +","url":"https:\/\/tdibrasil.org\/","sameAs":["https:\/\/www.facebook.com\/TeoriadoDesignInteligente\/"],"logo":{"@type":"ImageObject","inLanguage":"pt-BR","@id":"https:\/\/tdibrasil.org\/#\/schema\/logo\/image\/","url":"https:\/\/tdibrasil.org\/wp-content\/uploads\/2020\/05\/whats.jpg","contentUrl":"https:\/\/tdibrasil.org\/wp-content\/uploads\/2020\/05\/whats.jpg","width":512,"height":512,"caption":"TDI Brasil +"},"image":{"@id":"https:\/\/tdibrasil.org\/#\/schema\/logo\/image\/"}},{"@type":"WebSite","@id":"https:\/\/tdibrasil.org\/#website","url":"https:\/\/tdibrasil.org\/","name":"Portal TDI Brasil +","description":"Teoria do Design Inteligente","publisher":{"@id":"https:\/\/tdibrasil.org\/#organization"},"potentialAction":[{"@type":"SearchAction","target":{"@type":"EntryPoint","urlTemplate":"https:\/\/tdibrasil.org\/?s={search_term_string}"},"query-input":"required name=search_term_string"}],"inLanguage":"pt-BR"},{"@type":"ImageObject","inLanguage":"pt-BR","@id":"https:\/\/tdibrasil.org\/index.php\/2018\/08\/08\/a-humanae-vitae-e-o-design-inteligente\/#primaryimage","url":"https:\/\/tdibrasil.org\/wp-content\/uploads\/2018\/08\/humanae-vitae-1.jpg","contentUrl":"https:\/\/tdibrasil.org\/wp-content\/uploads\/2018\/08\/humanae-vitae-1.jpg","width":1280,"height":720,"caption":"Humanae Vitae (em portugu\u00eas \"Da vida humana\") \u00e9 uma enc\u00edclica escrita pelo Papa Paulo VI. Foi publicada a 25 de Julho de 1968."},{"@type":"WebPage","@id":"https:\/\/tdibrasil.org\/index.php\/2018\/08\/08\/a-humanae-vitae-e-o-design-inteligente\/#webpage","url":"https:\/\/tdibrasil.org\/index.php\/2018\/08\/08\/a-humanae-vitae-e-o-design-inteligente\/","name":"A Humanae Vitae e o Design Inteligente &raquo; Portal TDI Brasil +","isPartOf":{"@id":"https:\/\/tdibrasil.org\/#website"},"primaryImageOfPage":{"@id":"https:\/\/tdibrasil.org\/index.php\/2018\/08\/08\/a-humanae-vitae-e-o-design-inteligente\/#primaryimage"},"datePublished":"2018-08-08T19:25:59+00:00","dateModified":"2018-08-08T19:25:59+00:00","description":"Por Michael Egnor Em 25 de julho de 1968, o beato Papa Paulo VI publicou sua enc\u00edclica Humanae Vitae. Foi, e \u00e9, o documento cat\u00f3lico mais controverso do","breadcrumb":{"@id":"https:\/\/tdibrasil.org\/index.php\/2018\/08\/08\/a-humanae-vitae-e-o-design-inteligente\/#breadcrumb"},"inLanguage":"pt-BR","potentialAction":[{"@type":"ReadAction","target":["https:\/\/tdibrasil.org\/index.php\/2018\/08\/08\/a-humanae-vitae-e-o-design-inteligente\/"]}]},{"@type":"BreadcrumbList","@id":"https:\/\/tdibrasil.org\/index.php\/2018\/08\/08\/a-humanae-vitae-e-o-design-inteligente\/#breadcrumb","itemListElement":[{"@type":"ListItem","position":1,"name":"In\u00edcio","item":"https:\/\/tdibrasil.org\/"},{"@type":"ListItem","position":2,"name":"A Humanae Vitae e o Design Inteligente"}]},{"@type":"Article","@id":"https:\/\/tdibrasil.org\/index.php\/2018\/08\/08\/a-humanae-vitae-e-o-design-inteligente\/#article","isPartOf":{"@id":"https:\/\/tdibrasil.org\/index.php\/2018\/08\/08\/a-humanae-vitae-e-o-design-inteligente\/#webpage"},"author":{"@id":"https:\/\/tdibrasil.org\/#\/schema\/person\/793b673d80540fcfafb86b5a908b3a03"},"headline":"A Humanae Vitae e o Design Inteligente","datePublished":"2018-08-08T19:25:59+00:00","dateModified":"2018-08-08T19:25:59+00:00","mainEntityOfPage":{"@id":"https:\/\/tdibrasil.org\/index.php\/2018\/08\/08\/a-humanae-vitae-e-o-design-inteligente\/#webpage"},"wordCount":1030,"commentCount":0,"publisher":{"@id":"https:\/\/tdibrasil.org\/#organization"},"image":{"@id":"https:\/\/tdibrasil.org\/index.php\/2018\/08\/08\/a-humanae-vitae-e-o-design-inteligente\/#primaryimage"},"thumbnailUrl":"https:\/\/tdibrasil.org\/wp-content\/uploads\/2018\/08\/humanae-vitae-1.jpg","keywords":["Catolicismo","Ideologia","lei moral"],"articleSection":["Geral"],"inLanguage":"pt-BR","potentialAction":[{"@type":"CommentAction","name":"Comment","target":["https:\/\/tdibrasil.org\/index.php\/2018\/08\/08\/a-humanae-vitae-e-o-design-inteligente\/#respond"]}]},{"@type":"Person","@id":"https:\/\/tdibrasil.org\/#\/schema\/person\/793b673d80540fcfafb86b5a908b3a03","name":"Eskelsen","image":{"@type":"ImageObject","inLanguage":"pt-BR","@id":"https:\/\/tdibrasil.org\/#\/schema\/person\/image\/","url":"https:\/\/secure.gravatar.com\/avatar\/7a93691c6b95456c7cabcb146a25ef3c?s=96&d=mm&r=g","contentUrl":"https:\/\/secure.gravatar.com\/avatar\/7a93691c6b95456c7cabcb146a25ef3c?s=96&d=mm&r=g","caption":"Eskelsen"},"sameAs":["https:\/\/tdibrasil.org\/index.php\/author\/eskelsen\/"],"url":"https:\/\/tdibrasil.org\/index.php\/author\/eskelsen\/"}]}},"_links":{"self":[{"href":"https:\/\/tdibrasil.org\/index.php\/wp-json\/wp\/v2\/posts\/4302"}],"collection":[{"href":"https:\/\/tdibrasil.org\/index.php\/wp-json\/wp\/v2\/posts"}],"about":[{"href":"https:\/\/tdibrasil.org\/index.php\/wp-json\/wp\/v2\/types\/post"}],"author":[{"embeddable":true,"href":"https:\/\/tdibrasil.org\/index.php\/wp-json\/wp\/v2\/users\/1"}],"replies":[{"embeddable":true,"href":"https:\/\/tdibrasil.org\/index.php\/wp-json\/wp\/v2\/comments?post=4302"}],"version-history":[{"count":0,"href":"https:\/\/tdibrasil.org\/index.php\/wp-json\/wp\/v2\/posts\/4302\/revisions"}],"wp:featuredmedia":[{"embeddable":true,"href":"https:\/\/tdibrasil.org\/index.php\/wp-json\/wp\/v2\/media\/4304"}],"wp:attachment":[{"href":"https:\/\/tdibrasil.org\/index.php\/wp-json\/wp\/v2\/media?parent=4302"}],"wp:term":[{"taxonomy":"category","embeddable":true,"href":"https:\/\/tdibrasil.org\/index.php\/wp-json\/wp\/v2\/categories?post=4302"},{"taxonomy":"post_tag","embeddable":true,"href":"https:\/\/tdibrasil.org\/index.php\/wp-json\/wp\/v2\/tags?post=4302"}],"curies":[{"name":"wp","href":"https:\/\/api.w.org\/{rel}","templated":true}]}}