{"id":3910,"date":"2018-05-04T02:40:03","date_gmt":"2018-05-04T05:40:03","guid":{"rendered":"http:\/\/tdibrasil.org\/?p=3910"},"modified":"2021-10-12T19:43:28","modified_gmt":"2021-10-12T22:43:28","slug":"o-argumento-da-coerencia-design-versus-unidade-do-design","status":"publish","type":"post","link":"https:\/\/tdibrasil.org\/index.php\/2018\/05\/04\/o-argumento-da-coerencia-design-versus-unidade-do-design\/","title":{"rendered":"O Argumento da Coer\u00eancia: Design versus Unidade do Design"},"content":{"rendered":"<figure id=\"attachment_3913\" aria-describedby=\"caption-attachment-3913\" style=\"width: 596px\" class=\"wp-caption aligncenter\"><img loading=\"lazy\" decoding=\"async\" src=\"https:\/\/tdibrasil.org\/wp-content\/uploads\/2018\/04\/coerencia-596x293.jpg\" alt=\"\" width=\"596\" height=\"293\" class=\"size-large wp-image-3913\" \/><figcaption id=\"caption-attachment-3913\" class=\"wp-caption-text\"><center>Nem mesmo o trabalho inteligente coletivo possui coer\u00eancia sem a unidade do planejamento. Diferen\u00e7as entre Santorini (Gr\u00e9cia) e Canberra (Austr\u00e1lia).<\/center><\/figcaption><\/figure>\n<p style=\"text-align: justify;\">Eu apresento aqui um interessante argumento de coer\u00eancia dos sistemas de design e a rela\u00e7\u00e3o da coer\u00eancia com o n\u00edvel de planejamento. Ser\u00e1 mais facilmente entendido por pessoas de \u00e1reas como biblioteconomia, computa\u00e7\u00e3o, engenharia, entre outras.<\/p>\n<hr \/>\n<p style=\"text-align: justify;\">Algu\u00e9m que caminhe em uma cidade sem planejamento consegue perceber as limita\u00e7\u00f5es, at\u00e9 certo caos em suas ruas e na ocupa\u00e7\u00e3o de espa\u00e7os. Esse \u00e9 o resultado comum do crescimento segundo necessidades imediatas, restri\u00e7\u00f5es naturais e <strong>desejos individuais<\/strong> atrav\u00e9s do tempo. Ser o produto de design n\u00e3o \u00e9 suficiente para a <strong>coer\u00eancia<\/strong> em um sistema complexo. Os problemas que um arquiteto encontra para reurbaniza\u00e7\u00e3o ou reformas de edif\u00edcios tamb\u00e9m s\u00e3o enfrentados por programadores, engenheiros e outros profissionais que trabalham com &#8220;reprojetos&#8221; ou adequa\u00e7\u00f5es de projetos \u00e0 novas necessidades.<\/p>\n<p style=\"text-align: justify;\">V\u00e1rios homens, com habilidade de intelig\u00eancia, trabalhando independentemente em um mesmo sistema, n\u00e3o alcan\u00e7am coer\u00eancia sem um projeto. Mesmo um homem trabalhando sozinho em um sistema sem planejamento inicial n\u00e3o alcan\u00e7a coer\u00eancia. Seja em constru\u00e7\u00f5es, softwares ou qualquer sistema de design sem planejamento \u00fanico, as expans\u00f5es do &#8220;sistema&#8221; s\u00e3o, inescapavelmente, incoerentes. Processos cegos como a &#8220;sele\u00e7\u00e3o natural&#8221; s\u00e3o ainda inferiores a simples aus\u00eancia de projeto humano para explicar a coer\u00eancia dos sistemas biol\u00f3gicos.<\/p>\n<p>Por qu\u00ea?<\/p>\n<p style=\"text-align: justify;\">A pr\u00f3pria g\u00eanese dos sistemas, em seus princ\u00edpios\u00b9 e estruturas, imp\u00f5e restri\u00e7\u00f5es em uma perspectiva e n\u00e3o oferece suporte (proficuidade) \u00e0s novas necessidades por outra. Como diria Arist\u00f3teles sobre pequenas diferen\u00e7as iniciais (no caso: sistemas de conhecimento): <em>O menor desvio inicial da verdade multiplica-se ao infinito \u00e0 medida que avan\u00e7a<\/em>. Tal \u00e9 o comportamento de sistemas complexos.<\/p>\n<p style=\"text-align: justify;\">Os sistemas e constru\u00e7\u00f5es possuem um fundamento (um cerne) que serve de suporte para todas as outras coisas. Se o sistema \u00e9 complexo, ent\u00e3o h\u00e1 sobre esse cerne outros n\u00edveis. Cada n\u00edvel apresenta seus pr\u00f3prios princ\u00edpios e estruturas, somados aos anteriores cumulativamente, at\u00e9 o n\u00edvel &#8220;superficial&#8221; do sistema. Quanto mais n\u00edveis, estruturas e princ\u00edpios, mais restri\u00e7\u00f5es, porque at\u00e9 as potencialidades restringem o sistema \u2014 a menos que um ajuste leve todos os elementos em considera\u00e7\u00e3o (unidade do planejamento).<\/p>\n<p style=\"text-align: justify;\">Em todo projeto o objetivo \u00e9 reduzir as restri\u00e7\u00f5es e ampliar as potencialidades (proficuidade). A medida que a complexidade do sistema aumenta, as restri\u00e7\u00f5es crescem exponencialmente. Como \u00e9 imposs\u00edvel prever as novas demandas, esfor\u00e7os que retrabalham os n\u00edveis, muitas vezes se aprofundando at\u00e9 os fundamentos, s\u00e3o necess\u00e1rios para adequa\u00e7\u00e3o das estruturas \u00e0s novas expectativas.<\/p>\n<p style=\"text-align: justify;\">Uma propriedade importante da coer\u00eancia \u00e9 a <strong>proficuidade<\/strong>: as possibilidades de aproveitamento de um elemento. Quanto mais gen\u00e9rico o cerne de um sistema, menores as restri\u00e7\u00f5es e, portanto, maior sua <strong>proficuidade<\/strong>. Quanto maior a coer\u00eancia, mais universal o sistema. Um projeto de alta coer\u00eancia \u00e9 o qual todos os elementos s\u00e3o conhecidos e considerados para a melhor organiza\u00e7\u00e3o, sendo ajustados em <strong>unidade<\/strong> no sistema.<\/p>\n<p><strong>Um caso especial: sempre <em style=\"color: #b30000;\">de primeira<\/em>.<\/strong><\/p>\n<p style=\"text-align: justify;\">A vida tem um cerne: o c\u00f3digo gen\u00e9tico. Por sua universalidade\u00b2 \u00e9 chamado <em>&#8220;acidente congelado&#8221;<\/em>: estabelece toda forma de vida e n\u00e3o encontra paralelo nas cria\u00e7\u00f5es humanas. Esse fen\u00f4meno se repete em cada n\u00edvel da vida, que \u00e9 &#8220;congelado&#8221; em suporte aos n\u00edveis superiores. \u00c9 como se cada n\u00edvel, desde o cerne, fosse estabelecido <em style=\"color: #b30000;\">&#8220;de primeira&#8221;<\/em> adequado a todas as demandas dos n\u00edveis superiores. O c\u00f3digo padr\u00e3o, as matrizes energ\u00e9ticas, as vias metab\u00f3licas assim como os famosos &#8220;planos corporais&#8221; s\u00e3o exemplos disso. O cerne e os n\u00edveis se apresentam como informa\u00e7\u00e3o biol\u00f3gica de modo que a classifica\u00e7\u00e3o e semelhan\u00e7a entre os sistemas pode ser inferido pelos n\u00edveis <span style=\"color: #666699;\">comuns (compartilhados)<\/span>.<\/p>\n<figure id=\"attachment_3987\" aria-describedby=\"caption-attachment-3987\" style=\"width: 263px\" class=\"wp-caption alignright\"><img loading=\"lazy\" decoding=\"async\" src=\"https:\/\/tdibrasil.org\/wp-content\/uploads\/2018\/05\/sheets-263x300.jpg\" alt=\"\" width=\"263\" height=\"300\" class=\"size-medium wp-image-3987\" \/><figcaption id=\"caption-attachment-3987\" class=\"wp-caption-text\"><center>Figura 1. Cerne-[N\u00edveis]-Superf\u00edcie<\/center><\/figcaption><\/figure>\n<p style=\"text-align: justify;\">Seria surpreendente que um sistema fosse estabelecido com suporte para in\u00fameros subsistemas e n\u00edveis, e cada n\u00edvel fosse tamb\u00e9m estabelecido com suporte para outros n\u00edveis diferentes desconhecidos. N\u00e3o h\u00e1 nada semelhante em nossa experi\u00eancia repetida e uniforme com sistemas, estruturas ou organiza\u00e7\u00f5es. Todas as hip\u00f3teses fracassam miseravelmente para explicar essa qualidade ao passo que toda a nossa experi\u00eancia indica exatamente que tipo de desenvolvimento alcan\u00e7a essa caracter\u00edstica (coer\u00eancia): a unidade do projeto.<\/p>\n<p style=\"text-align: justify;\">Se voc\u00ea desconhece totalmente o planejamento de sistemas, provavelmente pode achar normal que <em>acidentes<\/em> se estabele\u00e7am de forma apropriada para serem generalizados em v\u00e1rios n\u00edveis. S\u00f3 n\u00e3o espere que especialistas que trabalhem com projetos de sistemas achem isso normal. O argumento j\u00e1 n\u00e3o trata de natureza versus design, mas design versus <span style=\"color: #b30000;\">unidade do design<\/span>, porque nem todo design possui coer\u00eancia.<\/p>\n<p><strong>Argumento:<\/strong> Design versus <span style=\"color: #b30000;\">Unidade do Design (Coer\u00eancia)<\/span><\/p>\n<p style=\"text-align: justify;\">Seria surpreendente que algum desenvolvimento conseguisse tal fa\u00e7anha sem corre\u00e7\u00f5es com ajustes profundos. Mais surpreendente seria, a partir de um projeto sem conhecimento sobre os pr\u00f3ximos n\u00edveis, al\u00e7ar suporte para a vasta diversidade de sistemas que desempenham suas fun\u00e7\u00f5es no ar, na \u00e1gua e na terra, sem preju\u00edzo para os n\u00edveis inferiores. Mas seria &#8220;normal&#8221; caso todos os elementos fossem considerados na <span style=\"color: #b30000;\">unidade do projeto<\/span>.<\/p>\n<p style=\"text-align: justify;\">Sabendo que o simples design n\u00e3o \u00e9 suficiente para alcan\u00e7ar essa integridade, a melhor explica\u00e7\u00e3o \u00e9 que os sistemas biol\u00f3gicos possuem a <span style=\"color: #b30000;\">unidade do design<\/span> desde o cerne\u00b3. Chamamos essa caracter\u00edstica de <strong>coer\u00eancia<\/strong>.<\/p>\n<p>&#8230;<\/p>\n<hr \/>\n<p><strong>Notas Pertinentes<\/strong><\/p>\n<p style=\"text-align: justify;\"><strong>\u00b9 Nota:<\/strong> Por princ\u00edpios eu me refiro aos elementos que est\u00e3o al\u00e9m das estruturas, como codifica\u00e7\u00f5es, regras e padr\u00f5es gen\u00e9ricos.<\/p>\n<div class=\"su-spoiler su-spoiler-style-default su-spoiler-icon-folder-2 su-spoiler-closed\" data-scroll-offset=\"0\" data-anchor-in-url=\"no\"><div class=\"su-spoiler-title\" tabindex=\"0\" role=\"button\"><span class=\"su-spoiler-icon\"><\/span>\u00b2 Acidente congelado<\/div><div class=\"su-spoiler-content su-u-clearfix su-u-trim\">\n<pre style=\"text-align: justify;\">Sob a perspectiva congelada do acidente, o c\u00f3digo \u00e9 universal entre as formas de vida moderna porque qualquer mudan\u00e7a na atribui\u00e7\u00e3o de c\u00f3dons seria altamente prejudicial.\r\n\r\nO acidente congelado pode ser considerado a teoria padr\u00e3o da evolu\u00e7\u00e3o do c\u00f3digo, porque n\u00e3o implica quaisquer intera\u00e7\u00f5es espec\u00edficas entre os amino\u00e1cidos e os c\u00f3dons ou antic\u00f3dons cognatos, ou quaisquer propriedades particulares do c\u00f3digo.\r\n\r\nOs 49 anos subsequentes de estudos de c\u00f3digo elucidaram caracter\u00edsticas not\u00e1veis do c\u00f3digo padr\u00e3o, como alta robustez a erros, mas n\u00e3o conseguiram desenvolver uma explica\u00e7\u00e3o convincente para atribui\u00e7\u00f5es de c\u00f3dons. Em particular, a afinidade estereoqu\u00edmica entre os amino\u00e1cidos e os c\u00f3dons ou antic\u00f3dons cognatos n\u00e3o parece explicar a origem e a evolu\u00e7\u00e3o do c\u00f3digo.\r\n\r\n<strong>Eugene V. Koonin.<\/strong> Frozen Accident Pushing 50: Stereochemistry, Expansion, and Chance in the Evolution of the Genetic Code. 2017.\r\n<a href=\"https:\/\/redirect.viglink.com\/?format=go&amp;jsonp=vglnk_152534511735512&amp;key=172579b97fa4d5e8c1a3c2918a03e499&amp;libId=jgqf2mgi01012xfz000DAfj1f3lx9&amp;loc=http%3A%2F%2Fpos-darwinista.blogspot.com.br%2F2017%2F07%2Fdna-hipotese-de-um-acidente-congelado.html&amp;v=1&amp;out=http%3A%2F%2Fwww.mdpi.com%2F2075-1729%2F7%2F2%2F22%2Fpdf&amp;ref=https%3A%2F%2Fwww.google.com.br%2F&amp;title=Desafiando%20a%20Nomenklatura%20Cient%C3%ADfica%3A%20DNA%2C%20a%20hip%C3%B3tese%20de%20um%20acidente%20congelado%20beirando%2050%20anos%3A%20estereoqu%C3%ADmica%2C%20expans%C3%A3o%20e%20acaso%20na%20evolu%C3%A7%C3%A3o%20do%20c%C3%B3digo%20gen%C3%A9tico&amp;txt=Life\" rel=\"noopener noreferrer\" target=\"_blank\">(Acessar)<\/a><\/pre>\n<p> <\/div><\/div>\n<p><em>&#8220;&#8230; parece ser, ou estar muito pr\u00f3ximo, de um \u00f3timo global para a minimiza\u00e7\u00e3o de erros: o melhor de todos os c\u00f3digos poss\u00edveis.&#8221;<\/em><\/p>\n<p>\u00b3 SJ Freeland et al. Early fixation of an optimal genetic code. 1999.<br \/>\n<a href=\"https:\/\/mbe.oxfordjournals.org\/content\/17\/4\/511.full\" rel=\"noopener noreferrer\" target=\"_blank\">(Acessar)<\/a><\/p>\n<div class=\"su-spoiler su-spoiler-style-default su-spoiler-icon-folder-2 su-spoiler-closed\" data-scroll-offset=\"0\" data-anchor-in-url=\"no\"><div class=\"su-spoiler-title\" tabindex=\"0\" role=\"button\"><span class=\"su-spoiler-icon\"><\/span>Restri\u00e7\u00f5es, gratuidade e coer\u00eancia<\/div><div class=\"su-spoiler-content su-u-clearfix su-u-trim\">\n<p style=\"text-align: justify;\">\u00c9 interessante que Monod, baseado em restri\u00e7\u00f5es para explicar a origem da vida, encontrou a <strong>proficuidade<\/strong> resultante da coer\u00eancia e a descreveu como &#8220;gratuidade&#8221; (gratuit\u00e9):<\/p>\n<pre style=\"text-align: justify;\">\"\u00c9, e definitivamente (...), a gratuidade pr\u00f3pria destes sistemas que, abrindo \u00e0 evolu\u00e7\u00e3o molecular um campo praticamente infinito de possibilidades e de experi\u00eancias, lhe permitiu construir a imensa rede de interconex\u00f5es cibern\u00e9ticas que fazem de um organismo uma unidade funcional aut\u00f4mata, cujas possibilidades de aperfei\u00e7oamento parecem transcender as leis da qu\u00edmica ou at\u00e9 escapar-lhes.\"\r\n\r\nJacques Monod. O Acaso e a Necessidade. Obra citada, pp. 74 e 75.<\/pre>\n<p style=\"text-align: justify;\">Ele n\u00e3o s\u00f3 reconhece a <strong>gratuidade<\/strong> (uma &#8220;<strong>proficuidade<\/strong>&#8220;) do sistema como credita a ela uma <strong>&#8220;permiss\u00e3o&#8221;<\/strong> evolutiva, enquadrando a evolu\u00e7\u00e3o em um cen\u00e1rio de coer\u00eancia que n\u00e3o possui nada a ver com ela. Essa &#8220;proficuidade&#8221; \u00e9 uma propriedade que aumenta com a coer\u00eancia: quanto maior a gratuidade (proficuidade), maior a coer\u00eancia.<\/p>\n<\/div><\/div>\n<div class=\"su-spoiler su-spoiler-style-default su-spoiler-icon-folder-2 su-spoiler-closed\" data-scroll-offset=\"0\" data-anchor-in-url=\"no\"><div class=\"su-spoiler-title\" tabindex=\"0\" role=\"button\"><span class=\"su-spoiler-icon\"><\/span>Ancestralidade comum e plasticidade da vida<\/div><div class=\"su-spoiler-content su-u-clearfix su-u-trim\">\n<p style=\"text-align: justify;\">Os componentes org\u00e2nicos s\u00e3o generaliz\u00e1veis e combinados em diversas maneiras, e tudo isso \u00e9 apontado como evid\u00eancia de evolu\u00e7\u00e3o quando \u00e9 exatamente o contr\u00e1rio: a <strong>proficuidade<\/strong> \u00e9 sempre uma fa\u00e7anha de engenharia. A semelhan\u00e7a informacional \u00e9 tamb\u00e9m o contr\u00e1rio, \u00e9 caracter\u00edstica de um projeto singular muito mais do que sistemas que evoluem estocasticamente.<\/p>\n<\/div><\/div>\n<div class=\"su-spoiler su-spoiler-style-default su-spoiler-icon-folder-2 su-spoiler-closed\" data-scroll-offset=\"0\" data-anchor-in-url=\"no\"><div class=\"su-spoiler-title\" tabindex=\"0\" role=\"button\"><span class=\"su-spoiler-icon\"><\/span>Sobre a 'Antevid\u00eancia'<\/div><div class=\"su-spoiler-content su-u-clearfix su-u-trim\">\n<p style=\"text-align: justify;\">Esse argumento acaba me fazendo considerar a chamada <strong>&#8220;antevid\u00eancia&#8221;<\/strong>, que sempre evitei por me parecer fr\u00e1gil. Quando apresentei o argumento de coer\u00eancia, um amigo (Ricardo M. L. S. Pereira) apontou como poss\u00edvel ind\u00edcio de <strong>antevid\u00eancia<\/strong>, que seria &#8220;prever&#8221; as necessidades dos n\u00edveis superiores. Ainda assim creio que isso pare\u00e7a mais uma ideia de um projeto incremental, sobre o futuro, enquanto eu penso que a coer\u00eancia s\u00f3 \u00e9 poss\u00edvel em um projeto completo (unidade do design).<\/p>\n<\/div><\/div>\n<div class=\"su-spoiler su-spoiler-style-default su-spoiler-icon-folder-2 su-spoiler-closed\" data-scroll-offset=\"0\" data-anchor-in-url=\"no\"><div class=\"su-spoiler-title\" tabindex=\"0\" role=\"button\"><span class=\"su-spoiler-icon\"><\/span>Contexto<\/div><div class=\"su-spoiler-content su-u-clearfix su-u-trim\"> <\/p>\n<p style=\"text-align: justify;\">Esse argumento formaliza uma ideia comum entre os defensores do Design dif\u00edcil de ser expresso. Um bi\u00f3logo usou essa coer\u00eancia como &#8220;complexidade irredut\u00edvel&#8221; (em uma interpreta\u00e7\u00e3o de &#8220;restri\u00e7\u00f5es&#8221;, \u00e9 claro) contra a infer\u00eancia ao design. Quando <a href=\"https:\/\/tdibrasil.org\/index.php\/2017\/12\/11\/uma-confissao-de-rejeicao-a-priori-no-scienceblogs\/\" rel=\"noopener noreferrer\" target=\"_blank\">\u00c1tila creditou a robustez da E coli sobre o Linux \u00e0 &#8220;complexidade irredut\u00edvel&#8221; por restri\u00e7\u00f5es<\/a>, ele revelou a magnitude da incompreens\u00e3o de bi\u00f3logos sobre a l\u00f3gica e din\u00e2mica de funcionamento de sistemas complexos. E por isso faz muito sentido acreditar em darwinismo e ancestralidade comum: alienado em uma gota e ignorando o oceano.<\/p>\n<p> <\/div><\/div>\n<div class=\"su-spoiler su-spoiler-style-default su-spoiler-icon-folder-2 su-spoiler-closed\" data-scroll-offset=\"0\" data-anchor-in-url=\"no\"><div class=\"su-spoiler-title\" tabindex=\"0\" role=\"button\"><span class=\"su-spoiler-icon\"><\/span>Coer\u00eancia<\/div><div class=\"su-spoiler-content su-u-clearfix su-u-trim\"> <\/p>\n<p style=\"text-align: justify;\">Por coer\u00eancia entendemos a rela\u00e7\u00e3o, harmonia ou &#8220;coes\u00e3o&#8221; entre elementos. \u00c9 de certa forma uma unidade ou uniformidade entre esses elementos. A coer\u00eancia \u00e9 uma caracter\u00edstica marcante dos padr\u00f5es design em sistemas complexos e, apesar de apreendida da natureza, dificilmente \u00e9 expressa em palavras por ser um tra\u00e7o extremamente sutil e dif\u00edcil. Ela tem sido mensurada em certo aspecto como <em><a href=\"https:\/\/tdibrasil.org\/index.php\/2017\/12\/11\/uma-confissao-de-rejeicao-a-priori-no-scienceblogs\/\" rel=\"noopener noreferrer\" target=\"_blank\">robustez<\/a> (robustness)<\/em> em rela\u00e7\u00e3o a funcionalidades.<\/p>\n<p> <\/div><\/div>\n<div class=\"su-spoiler su-spoiler-style-default su-spoiler-icon-folder-2 su-spoiler-closed\" data-scroll-offset=\"0\" data-anchor-in-url=\"no\"><div class=\"su-spoiler-title\" tabindex=\"0\" role=\"button\"><span class=\"su-spoiler-icon\"><\/span>Cita\u00e7\u00e3o (Arist\u00f3teles)<\/div><div class=\"su-spoiler-content su-u-clearfix su-u-trim\"> <\/p>\n<pre style=\"text-align: justify;\">Sendo isto claro, devemos continuar a considerar as quest\u00f5es que permanecem. Primeiro, existe um corpo infinito, como pensava a maioria dos fil\u00f3sofos antigos, ou isso \u00e9 uma impossibilidade? A decis\u00e3o desta quest\u00e3o, de qualquer forma, n\u00e3o \u00e9 sem import\u00e2ncia, mas \u00e9 muito importante para nossa busca pela verdade. \u00c9 esse problema que praticamente sempre foi a fonte das diferen\u00e7as daqueles que escreveram sobre a natureza como um todo. Ent\u00e3o tem sido e assim deve ser; j\u00e1 que <strong>o menor desvio inicial da verdade \u00e9 multiplicado mais de mil vezes<\/strong>. Admita, por exemplo, a exist\u00eancia de uma magnitude m\u00ednima, e voc\u00ea descobrir\u00e1 que o m\u00ednimo que voc\u00ea introduziu, por menor que seja, faz com que as maiores verdades da matem\u00e1tica sejam alteradas. A raz\u00e3o \u00e9 que um princ\u00edpio \u00e9 grande, mais no poder que na extens\u00e3o; da\u00ed que o que era pequeno no in\u00edcio acaba por ser um gigante no final.\r\n\r\nArist\u00f3teles. Sobre os C\u00e9us. Livro I. Parte 5. <a href=\"https:\/\/classics.mit.edu\/Aristotle\/heavens.1.i.html\" rel=\"noopener noreferrer\" target=\"_blank\">(Acessar)<\/a><\/pre>\n<p> <\/div><\/div>\n<div class=\"su-spoiler su-spoiler-style-default su-spoiler-icon-folder-2 su-spoiler-closed\" data-scroll-offset=\"0\" data-anchor-in-url=\"no\"><div class=\"su-spoiler-title\" tabindex=\"0\" role=\"button\"><span class=\"su-spoiler-icon\"><\/span>Estruturalismo e Funcionalismo<\/div><div class=\"su-spoiler-content su-u-clearfix su-u-trim\"> <\/p>\n<p style=\"text-align: justify;\">As duas vers\u00f5es majorit\u00e1rias de evolu\u00e7\u00e3o, <a href=\"https:\/\/tdibrasil.org\/index.php\/2016\/02\/03\/duas-visoes-da-biologia-estruturalismo-versus-funcionalismo\/\" rel=\"noopener noreferrer\" target=\"_blank\">estruturalismo (restri\u00e7\u00f5es) e funcionalismo (selecionismo)<\/a>, s\u00e3o tratadas neste argumento.<\/p>\n<p> <\/div><\/div>\n<p>Grato ao M\u00e1rcio Dantas Silva do Est\u00fadio Ponto de Fuga por tratar a minha <strong>Figura 1<\/strong>.<\/p>\n<p>&#8230;<\/p>\n","protected":false},"excerpt":{"rendered":"<div class=\"mh-excerpt\"><p>Seria surpreendente que um sistema fosse estabelecido com suporte para in\u00fameros subsistemas e n\u00edveis, e cada n\u00edvel fosse tamb\u00e9m estabelecido com suporte para outros n\u00edveis diferentes desconhecidos.<\/p>\n<\/div>","protected":false},"author":1,"featured_media":3913,"comment_status":"open","ping_status":"open","sticky":false,"template":"","format":"standard","meta":{"footnotes":""},"categories":[16,17],"tags":[96,137,289,357,879,895],"class_list":["post-3910","post","type-post","status-publish","format-standard","has-post-thumbnail","hentry","category-especial","category-evidencia","tag-argumento-da-coerencia","tag-biologia","tag-design-inteligente","tag-eskelsen","tag-sistemas-complexos","tag-tdi"],"yoast_head":"<!-- This site is optimized with the Yoast SEO plugin v18.9 - https:\/\/yoast.com\/wordpress\/plugins\/seo\/ -->\n<title>O Argumento da Coer\u00eancia: Design versus Unidade do Design &raquo; Portal TDI Brasil +<\/title>\n<meta name=\"description\" content=\"Seria surpreendente que um sistema fosse estabelecido com suporte para in\u00fameros subsistemas e n\u00edveis, e cada n\u00edvel fosse tamb\u00e9m estabelecido com suporte para outros n\u00edveis diferentes desconhecidos.\" \/>\n<meta name=\"robots\" content=\"index, follow, max-snippet:-1, max-image-preview:large, max-video-preview:-1\" \/>\n<link rel=\"canonical\" href=\"https:\/\/tdibrasil.org\/index.php\/2018\/05\/04\/o-argumento-da-coerencia-design-versus-unidade-do-design\/\" \/>\n<meta property=\"og:locale\" content=\"pt_BR\" \/>\n<meta property=\"og:type\" content=\"article\" \/>\n<meta property=\"og:title\" content=\"O Argumento da Coer\u00eancia: Design versus Unidade do Design &raquo; Portal TDI Brasil +\" \/>\n<meta property=\"og:description\" content=\"Seria surpreendente que um sistema fosse estabelecido com suporte para in\u00fameros subsistemas e n\u00edveis, e cada n\u00edvel fosse tamb\u00e9m estabelecido com suporte para outros n\u00edveis diferentes desconhecidos.\" \/>\n<meta property=\"og:url\" content=\"https:\/\/tdibrasil.org\/index.php\/2018\/05\/04\/o-argumento-da-coerencia-design-versus-unidade-do-design\/\" \/>\n<meta property=\"og:site_name\" content=\"Portal TDI Brasil +\" \/>\n<meta property=\"article:publisher\" content=\"https:\/\/www.facebook.com\/TeoriadoDesignInteligente\/\" \/>\n<meta property=\"article:published_time\" content=\"2018-05-04T05:40:03+00:00\" \/>\n<meta property=\"article:modified_time\" content=\"2021-10-12T22:43:28+00:00\" \/>\n<meta property=\"og:image\" content=\"https:\/\/tdibrasil.org\/wp-content\/uploads\/2018\/04\/coerencia-1.jpg\" \/>\n\t<meta property=\"og:image:width\" content=\"900\" \/>\n\t<meta property=\"og:image:height\" content=\"443\" \/>\n\t<meta property=\"og:image:type\" content=\"image\/jpeg\" \/>\n<meta name=\"twitter:card\" content=\"summary_large_image\" \/>\n<meta name=\"twitter:label1\" content=\"Escrito por\" \/>\n\t<meta name=\"twitter:data1\" content=\"Eskelsen\" \/>\n\t<meta name=\"twitter:label2\" content=\"Est. tempo de leitura\" \/>\n\t<meta name=\"twitter:data2\" content=\"10 minutos\" \/>\n<script type=\"application\/ld+json\" class=\"yoast-schema-graph\">{\"@context\":\"https:\/\/schema.org\",\"@graph\":[{\"@type\":\"Organization\",\"@id\":\"https:\/\/tdibrasil.org\/#organization\",\"name\":\"TDI Brasil +\",\"url\":\"https:\/\/tdibrasil.org\/\",\"sameAs\":[\"https:\/\/www.facebook.com\/TeoriadoDesignInteligente\/\"],\"logo\":{\"@type\":\"ImageObject\",\"inLanguage\":\"pt-BR\",\"@id\":\"https:\/\/tdibrasil.org\/#\/schema\/logo\/image\/\",\"url\":\"https:\/\/tdibrasil.org\/wp-content\/uploads\/2020\/05\/whats.jpg\",\"contentUrl\":\"https:\/\/tdibrasil.org\/wp-content\/uploads\/2020\/05\/whats.jpg\",\"width\":512,\"height\":512,\"caption\":\"TDI Brasil +\"},\"image\":{\"@id\":\"https:\/\/tdibrasil.org\/#\/schema\/logo\/image\/\"}},{\"@type\":\"WebSite\",\"@id\":\"https:\/\/tdibrasil.org\/#website\",\"url\":\"https:\/\/tdibrasil.org\/\",\"name\":\"Portal TDI Brasil +\",\"description\":\"Teoria do Design Inteligente\",\"publisher\":{\"@id\":\"https:\/\/tdibrasil.org\/#organization\"},\"potentialAction\":[{\"@type\":\"SearchAction\",\"target\":{\"@type\":\"EntryPoint\",\"urlTemplate\":\"https:\/\/tdibrasil.org\/?s={search_term_string}\"},\"query-input\":\"required name=search_term_string\"}],\"inLanguage\":\"pt-BR\"},{\"@type\":\"ImageObject\",\"inLanguage\":\"pt-BR\",\"@id\":\"https:\/\/tdibrasil.org\/index.php\/2018\/05\/04\/o-argumento-da-coerencia-design-versus-unidade-do-design\/#primaryimage\",\"url\":\"https:\/\/tdibrasil.org\/wp-content\/uploads\/2018\/04\/coerencia-1.jpg\",\"contentUrl\":\"https:\/\/tdibrasil.org\/wp-content\/uploads\/2018\/04\/coerencia-1.jpg\",\"width\":900,\"height\":443,\"caption\":\"Nem mesmo o trabalho inteligente coletivo possui coer\u00eancia sem um planejamento ...\"},{\"@type\":\"WebPage\",\"@id\":\"https:\/\/tdibrasil.org\/index.php\/2018\/05\/04\/o-argumento-da-coerencia-design-versus-unidade-do-design\/#webpage\",\"url\":\"https:\/\/tdibrasil.org\/index.php\/2018\/05\/04\/o-argumento-da-coerencia-design-versus-unidade-do-design\/\",\"name\":\"O Argumento da Coer\u00eancia: Design versus Unidade do Design &raquo; Portal TDI Brasil +\",\"isPartOf\":{\"@id\":\"https:\/\/tdibrasil.org\/#website\"},\"primaryImageOfPage\":{\"@id\":\"https:\/\/tdibrasil.org\/index.php\/2018\/05\/04\/o-argumento-da-coerencia-design-versus-unidade-do-design\/#primaryimage\"},\"datePublished\":\"2018-05-04T05:40:03+00:00\",\"dateModified\":\"2021-10-12T22:43:28+00:00\",\"description\":\"Seria surpreendente que um sistema fosse estabelecido com suporte para in\u00fameros subsistemas e n\u00edveis, e cada n\u00edvel fosse tamb\u00e9m estabelecido com suporte para outros n\u00edveis diferentes desconhecidos.\",\"breadcrumb\":{\"@id\":\"https:\/\/tdibrasil.org\/index.php\/2018\/05\/04\/o-argumento-da-coerencia-design-versus-unidade-do-design\/#breadcrumb\"},\"inLanguage\":\"pt-BR\",\"potentialAction\":[{\"@type\":\"ReadAction\",\"target\":[\"https:\/\/tdibrasil.org\/index.php\/2018\/05\/04\/o-argumento-da-coerencia-design-versus-unidade-do-design\/\"]}]},{\"@type\":\"BreadcrumbList\",\"@id\":\"https:\/\/tdibrasil.org\/index.php\/2018\/05\/04\/o-argumento-da-coerencia-design-versus-unidade-do-design\/#breadcrumb\",\"itemListElement\":[{\"@type\":\"ListItem\",\"position\":1,\"name\":\"In\u00edcio\",\"item\":\"https:\/\/tdibrasil.org\/\"},{\"@type\":\"ListItem\",\"position\":2,\"name\":\"O Argumento da Coer\u00eancia: Design versus Unidade do Design\"}]},{\"@type\":\"Article\",\"@id\":\"https:\/\/tdibrasil.org\/index.php\/2018\/05\/04\/o-argumento-da-coerencia-design-versus-unidade-do-design\/#article\",\"isPartOf\":{\"@id\":\"https:\/\/tdibrasil.org\/index.php\/2018\/05\/04\/o-argumento-da-coerencia-design-versus-unidade-do-design\/#webpage\"},\"author\":{\"@id\":\"https:\/\/tdibrasil.org\/#\/schema\/person\/793b673d80540fcfafb86b5a908b3a03\"},\"headline\":\"O Argumento da Coer\u00eancia: Design versus Unidade do Design\",\"datePublished\":\"2018-05-04T05:40:03+00:00\",\"dateModified\":\"2021-10-12T22:43:28+00:00\",\"mainEntityOfPage\":{\"@id\":\"https:\/\/tdibrasil.org\/index.php\/2018\/05\/04\/o-argumento-da-coerencia-design-versus-unidade-do-design\/#webpage\"},\"wordCount\":1550,\"commentCount\":0,\"publisher\":{\"@id\":\"https:\/\/tdibrasil.org\/#organization\"},\"image\":{\"@id\":\"https:\/\/tdibrasil.org\/index.php\/2018\/05\/04\/o-argumento-da-coerencia-design-versus-unidade-do-design\/#primaryimage\"},\"thumbnailUrl\":\"https:\/\/tdibrasil.org\/wp-content\/uploads\/2018\/04\/coerencia-1.jpg\",\"keywords\":[\"argumento da coer\u00eancia\",\"Biologia\",\"Design Inteligente\",\"Eskelsen\",\"sistemas complexos\",\"TDI\"],\"articleSection\":[\"Especial\",\"Evid\u00eancia\"],\"inLanguage\":\"pt-BR\",\"potentialAction\":[{\"@type\":\"CommentAction\",\"name\":\"Comment\",\"target\":[\"https:\/\/tdibrasil.org\/index.php\/2018\/05\/04\/o-argumento-da-coerencia-design-versus-unidade-do-design\/#respond\"]}]},{\"@type\":\"Person\",\"@id\":\"https:\/\/tdibrasil.org\/#\/schema\/person\/793b673d80540fcfafb86b5a908b3a03\",\"name\":\"Eskelsen\",\"image\":{\"@type\":\"ImageObject\",\"inLanguage\":\"pt-BR\",\"@id\":\"https:\/\/tdibrasil.org\/#\/schema\/person\/image\/\",\"url\":\"https:\/\/secure.gravatar.com\/avatar\/7a93691c6b95456c7cabcb146a25ef3c?s=96&d=mm&r=g\",\"contentUrl\":\"https:\/\/secure.gravatar.com\/avatar\/7a93691c6b95456c7cabcb146a25ef3c?s=96&d=mm&r=g\",\"caption\":\"Eskelsen\"},\"sameAs\":[\"https:\/\/tdibrasil.org\/index.php\/author\/eskelsen\/\"],\"url\":\"https:\/\/tdibrasil.org\/index.php\/author\/eskelsen\/\"}]}<\/script>\n<!-- \/ Yoast SEO plugin. -->","yoast_head_json":{"title":"O Argumento da Coer\u00eancia: Design versus Unidade do Design &raquo; Portal TDI Brasil +","description":"Seria surpreendente que um sistema fosse estabelecido com suporte para in\u00fameros subsistemas e n\u00edveis, e cada n\u00edvel fosse tamb\u00e9m estabelecido com suporte para outros n\u00edveis diferentes desconhecidos.","robots":{"index":"index","follow":"follow","max-snippet":"max-snippet:-1","max-image-preview":"max-image-preview:large","max-video-preview":"max-video-preview:-1"},"canonical":"https:\/\/tdibrasil.org\/index.php\/2018\/05\/04\/o-argumento-da-coerencia-design-versus-unidade-do-design\/","og_locale":"pt_BR","og_type":"article","og_title":"O Argumento da Coer\u00eancia: Design versus Unidade do Design &raquo; Portal TDI Brasil +","og_description":"Seria surpreendente que um sistema fosse estabelecido com suporte para in\u00fameros subsistemas e n\u00edveis, e cada n\u00edvel fosse tamb\u00e9m estabelecido com suporte para outros n\u00edveis diferentes desconhecidos.","og_url":"https:\/\/tdibrasil.org\/index.php\/2018\/05\/04\/o-argumento-da-coerencia-design-versus-unidade-do-design\/","og_site_name":"Portal TDI Brasil +","article_publisher":"https:\/\/www.facebook.com\/TeoriadoDesignInteligente\/","article_published_time":"2018-05-04T05:40:03+00:00","article_modified_time":"2021-10-12T22:43:28+00:00","og_image":[{"width":900,"height":443,"url":"https:\/\/tdibrasil.org\/wp-content\/uploads\/2018\/04\/coerencia-1.jpg","type":"image\/jpeg"}],"twitter_card":"summary_large_image","twitter_misc":{"Escrito por":"Eskelsen","Est. tempo de leitura":"10 minutos"},"schema":{"@context":"https:\/\/schema.org","@graph":[{"@type":"Organization","@id":"https:\/\/tdibrasil.org\/#organization","name":"TDI Brasil +","url":"https:\/\/tdibrasil.org\/","sameAs":["https:\/\/www.facebook.com\/TeoriadoDesignInteligente\/"],"logo":{"@type":"ImageObject","inLanguage":"pt-BR","@id":"https:\/\/tdibrasil.org\/#\/schema\/logo\/image\/","url":"https:\/\/tdibrasil.org\/wp-content\/uploads\/2020\/05\/whats.jpg","contentUrl":"https:\/\/tdibrasil.org\/wp-content\/uploads\/2020\/05\/whats.jpg","width":512,"height":512,"caption":"TDI Brasil +"},"image":{"@id":"https:\/\/tdibrasil.org\/#\/schema\/logo\/image\/"}},{"@type":"WebSite","@id":"https:\/\/tdibrasil.org\/#website","url":"https:\/\/tdibrasil.org\/","name":"Portal TDI Brasil +","description":"Teoria do Design Inteligente","publisher":{"@id":"https:\/\/tdibrasil.org\/#organization"},"potentialAction":[{"@type":"SearchAction","target":{"@type":"EntryPoint","urlTemplate":"https:\/\/tdibrasil.org\/?s={search_term_string}"},"query-input":"required name=search_term_string"}],"inLanguage":"pt-BR"},{"@type":"ImageObject","inLanguage":"pt-BR","@id":"https:\/\/tdibrasil.org\/index.php\/2018\/05\/04\/o-argumento-da-coerencia-design-versus-unidade-do-design\/#primaryimage","url":"https:\/\/tdibrasil.org\/wp-content\/uploads\/2018\/04\/coerencia-1.jpg","contentUrl":"https:\/\/tdibrasil.org\/wp-content\/uploads\/2018\/04\/coerencia-1.jpg","width":900,"height":443,"caption":"Nem mesmo o trabalho inteligente coletivo possui coer\u00eancia sem um planejamento ..."},{"@type":"WebPage","@id":"https:\/\/tdibrasil.org\/index.php\/2018\/05\/04\/o-argumento-da-coerencia-design-versus-unidade-do-design\/#webpage","url":"https:\/\/tdibrasil.org\/index.php\/2018\/05\/04\/o-argumento-da-coerencia-design-versus-unidade-do-design\/","name":"O Argumento da Coer\u00eancia: Design versus Unidade do Design &raquo; Portal TDI Brasil +","isPartOf":{"@id":"https:\/\/tdibrasil.org\/#website"},"primaryImageOfPage":{"@id":"https:\/\/tdibrasil.org\/index.php\/2018\/05\/04\/o-argumento-da-coerencia-design-versus-unidade-do-design\/#primaryimage"},"datePublished":"2018-05-04T05:40:03+00:00","dateModified":"2021-10-12T22:43:28+00:00","description":"Seria surpreendente que um sistema fosse estabelecido com suporte para in\u00fameros subsistemas e n\u00edveis, e cada n\u00edvel fosse tamb\u00e9m estabelecido com suporte para outros n\u00edveis diferentes desconhecidos.","breadcrumb":{"@id":"https:\/\/tdibrasil.org\/index.php\/2018\/05\/04\/o-argumento-da-coerencia-design-versus-unidade-do-design\/#breadcrumb"},"inLanguage":"pt-BR","potentialAction":[{"@type":"ReadAction","target":["https:\/\/tdibrasil.org\/index.php\/2018\/05\/04\/o-argumento-da-coerencia-design-versus-unidade-do-design\/"]}]},{"@type":"BreadcrumbList","@id":"https:\/\/tdibrasil.org\/index.php\/2018\/05\/04\/o-argumento-da-coerencia-design-versus-unidade-do-design\/#breadcrumb","itemListElement":[{"@type":"ListItem","position":1,"name":"In\u00edcio","item":"https:\/\/tdibrasil.org\/"},{"@type":"ListItem","position":2,"name":"O Argumento da Coer\u00eancia: Design versus Unidade do Design"}]},{"@type":"Article","@id":"https:\/\/tdibrasil.org\/index.php\/2018\/05\/04\/o-argumento-da-coerencia-design-versus-unidade-do-design\/#article","isPartOf":{"@id":"https:\/\/tdibrasil.org\/index.php\/2018\/05\/04\/o-argumento-da-coerencia-design-versus-unidade-do-design\/#webpage"},"author":{"@id":"https:\/\/tdibrasil.org\/#\/schema\/person\/793b673d80540fcfafb86b5a908b3a03"},"headline":"O Argumento da Coer\u00eancia: Design versus Unidade do Design","datePublished":"2018-05-04T05:40:03+00:00","dateModified":"2021-10-12T22:43:28+00:00","mainEntityOfPage":{"@id":"https:\/\/tdibrasil.org\/index.php\/2018\/05\/04\/o-argumento-da-coerencia-design-versus-unidade-do-design\/#webpage"},"wordCount":1550,"commentCount":0,"publisher":{"@id":"https:\/\/tdibrasil.org\/#organization"},"image":{"@id":"https:\/\/tdibrasil.org\/index.php\/2018\/05\/04\/o-argumento-da-coerencia-design-versus-unidade-do-design\/#primaryimage"},"thumbnailUrl":"https:\/\/tdibrasil.org\/wp-content\/uploads\/2018\/04\/coerencia-1.jpg","keywords":["argumento da coer\u00eancia","Biologia","Design Inteligente","Eskelsen","sistemas complexos","TDI"],"articleSection":["Especial","Evid\u00eancia"],"inLanguage":"pt-BR","potentialAction":[{"@type":"CommentAction","name":"Comment","target":["https:\/\/tdibrasil.org\/index.php\/2018\/05\/04\/o-argumento-da-coerencia-design-versus-unidade-do-design\/#respond"]}]},{"@type":"Person","@id":"https:\/\/tdibrasil.org\/#\/schema\/person\/793b673d80540fcfafb86b5a908b3a03","name":"Eskelsen","image":{"@type":"ImageObject","inLanguage":"pt-BR","@id":"https:\/\/tdibrasil.org\/#\/schema\/person\/image\/","url":"https:\/\/secure.gravatar.com\/avatar\/7a93691c6b95456c7cabcb146a25ef3c?s=96&d=mm&r=g","contentUrl":"https:\/\/secure.gravatar.com\/avatar\/7a93691c6b95456c7cabcb146a25ef3c?s=96&d=mm&r=g","caption":"Eskelsen"},"sameAs":["https:\/\/tdibrasil.org\/index.php\/author\/eskelsen\/"],"url":"https:\/\/tdibrasil.org\/index.php\/author\/eskelsen\/"}]}},"_links":{"self":[{"href":"https:\/\/tdibrasil.org\/index.php\/wp-json\/wp\/v2\/posts\/3910"}],"collection":[{"href":"https:\/\/tdibrasil.org\/index.php\/wp-json\/wp\/v2\/posts"}],"about":[{"href":"https:\/\/tdibrasil.org\/index.php\/wp-json\/wp\/v2\/types\/post"}],"author":[{"embeddable":true,"href":"https:\/\/tdibrasil.org\/index.php\/wp-json\/wp\/v2\/users\/1"}],"replies":[{"embeddable":true,"href":"https:\/\/tdibrasil.org\/index.php\/wp-json\/wp\/v2\/comments?post=3910"}],"version-history":[{"count":7,"href":"https:\/\/tdibrasil.org\/index.php\/wp-json\/wp\/v2\/posts\/3910\/revisions"}],"predecessor-version":[{"id":9984,"href":"https:\/\/tdibrasil.org\/index.php\/wp-json\/wp\/v2\/posts\/3910\/revisions\/9984"}],"wp:featuredmedia":[{"embeddable":true,"href":"https:\/\/tdibrasil.org\/index.php\/wp-json\/wp\/v2\/media\/3913"}],"wp:attachment":[{"href":"https:\/\/tdibrasil.org\/index.php\/wp-json\/wp\/v2\/media?parent=3910"}],"wp:term":[{"taxonomy":"category","embeddable":true,"href":"https:\/\/tdibrasil.org\/index.php\/wp-json\/wp\/v2\/categories?post=3910"},{"taxonomy":"post_tag","embeddable":true,"href":"https:\/\/tdibrasil.org\/index.php\/wp-json\/wp\/v2\/tags?post=3910"}],"curies":[{"name":"wp","href":"https:\/\/api.w.org\/{rel}","templated":true}]}}