{"id":2770,"date":"2017-09-28T19:05:15","date_gmt":"2017-09-28T22:05:15","guid":{"rendered":"http:\/\/tdibrasil.org\/?p=2770"},"modified":"2017-09-28T19:05:15","modified_gmt":"2017-09-28T22:05:15","slug":"carta-a-contramilitancia","status":"publish","type":"post","link":"https:\/\/tdibrasil.org\/index.php\/2017\/09\/28\/carta-a-contramilitancia\/","title":{"rendered":"Carta \u00e0 Contramilit\u00e2ncia"},"content":{"rendered":"<figure id=\"attachment_3005\" aria-describedby=\"caption-attachment-3005\" style=\"width: 550px\" class=\"wp-caption aligncenter\"><img loading=\"lazy\" decoding=\"async\" src=\"https:\/\/tdibrasil.org\/wp-content\/uploads\/2017\/09\/o-indio-e-o-lobo-i.jpg\" alt=\"\" width=\"550\" height=\"309\" class=\"size-full wp-image-3005\" \/><figcaption id=\"caption-attachment-3005\" class=\"wp-caption-text\"><center>O que n\u00f3s somos?<\/center><\/figcaption><\/figure>\n<hr \/>\n<p><strong>Dedicado a Phillip E. Johnson<\/strong><\/p>\n<p><em>Aos mais fortes g\u00eanios de nosso tempo, que de alguma forma resistem ao ass\u00e9dio ideol\u00f3gico \u2013 porque \u00e9 necess\u00e1ria a maior determina\u00e7\u00e3o para se estar contra um mundo.<\/em><\/p>\n<p style=\"text-align: justify;\">Estamos espalhados por todos os lugares, em uma primeira impress\u00e3o n\u00e3o h\u00e1 unidade alguma. Em certo momento as falhas do conhecimento corrente nos apareceram. Mesmo que at\u00e9 insignificantes, essas falhas irradiaram para toda a superestrutura te\u00f3rica e revelaram in\u00fameras outras. Constru\u00e7\u00f5es te\u00f3ricas imensas baseadas em miragens. O adormecer da raz\u00e3o produz quimeras. Esse despertar nos deu unidade.<\/p>\n<p>O que n\u00f3s somos? Por que contramilit\u00e2ncia? <\/p>\n<p style=\"text-align: justify;\">N\u00f3s somos uma resposta ao volume de narrativas corrente. Este \u00e9 o primeiro ponto. Contramilit\u00e2ncia porque no fim nos percebemos em uma guerra ideol\u00f3gica \u2013 simplesmente inexiste limiar entre boa parte do que chamam ci\u00eancia hoje e as cren\u00e7as do que convencionei &#8220;milit\u00e2ncia&#8221;. Como eles agem por uma paix\u00e3o ardente, os chamei de <em style=\"color: #993300;\">milit\u00e2ncia<\/em> e assim denominei todos que est\u00e3o do lado de c\u00e1 como <em style=\"color: #993300;\">contramilit\u00e2ncia<\/em>. Este \u00e9 o segundo ponto. Estamos contra as quimeras e, por consequ\u00eancia, contra os seus ativistas.<\/p>\n<p style=\"text-align: justify;\">N\u00e3o digo que seja poss\u00edvel a liberdade pura de qualquer ideologia, mas que sejamos livres da domina\u00e7\u00e3o de &#8220;ideologias oficiais&#8221; de nosso tempo. Sabemos onde h\u00e1 ideologias pela tentativa de supress\u00e3o do que lhe \u00e9 contr\u00e1rio.<\/p>\n<p>E a milit\u00e2ncia?<\/p>\n<p style=\"text-align: justify;\">S\u00e3o ativistas que se colocam como defensores da ci\u00eancia, mas a defesa real \u00e9 a pr\u00f3pria cosmovis\u00e3o \u2013 metaf\u00edsica particular (e ironicamente injustific\u00e1vel cientificamente). Apesar do car\u00e1ter laico afirmado, s\u00e3o normalmente e abertamente anticrist\u00e3os (sem qualquer implic\u00e2ncia com outras religi\u00f5es). A maior parte das atividades deles visa convencer p\u00fablico adolescente e jovem de concep\u00e7\u00f5es metaf\u00edsicas injustific\u00e1veis de forma sutil atrav\u00e9s de suposta divulga\u00e7\u00e3o cient\u00edfica. Possuem forte tendencia de defesa a temas pol\u00edticos. Alguma das estrat\u00e9gias incluem ass\u00e9dio e ridiculariza\u00e7\u00e3o (intimida\u00e7\u00e3o) \u2013 a altera\u00e7\u00e3o e o desequil\u00edbrio emocional s\u00e3o constantes na milit\u00e2ncia tanto como a tentativa de supress\u00e3o das cr\u00edticas.<\/p>\n<p style=\"text-align: justify;\">Uma forte tend\u00eancia deles \u00e9 tornar ca\u00f3tico o debate, seja gerando falsas premissas para os advers\u00e1rios (espantalhos), seja indo al\u00e9m das fronteiras do tema. Tamb\u00e9m trabalham em gerar desconfian\u00e7a, desconsidera\u00e7\u00e3o das credenciais e da boa f\u00e9 de seus opositores, aplicam fal\u00e1cias conceituais e fal\u00e1cias gen\u00e9ticas, entre outras rotinas. Isso \u00e9 interessante para a milit\u00e2ncia porque favorece o estado atual das coisas. Uma mudan\u00e7a tem necessariamente uma dire\u00e7\u00e3o, um cen\u00e1rio ca\u00f3tico carece de dire\u00e7\u00e3o e as coisas permanecem como est\u00e3o. Podemos dizer que \u00e9 uma estrat\u00e9gia semelhante a de <a href=\"https:\/\/pt.wikipedia.org\/wiki\/Terra_queimada\" target=\"_blank\" rel=\"noopener noreferrer\">&#8220;terra arrasada&#8221;<\/a>, ou melhor, estragar o jogo quando o empate \u00e9 favor\u00e1vel.<\/p>\n<p style=\"text-align: justify;\">J\u00e1 sobre a ci\u00eancia propriamente dita:<\/p>\n<p style=\"text-align: justify;\">Ningu\u00e9m conhece melhor os erros e problemas de uma teoria do que aqueles que estudam ela (ao menos alguns). Dificilmente o que voc\u00ea apresentar ser\u00e1 novidade. <em style=\"color: #993300;\">&#8220;Nossa, que desonestos, ent\u00e3o eles escondem mesmo os erros!?&#8221;<\/em>. Sim, tudo o que vemos \u00e9 o que &#8220;deu certo&#8221;; e n\u00e3o \u00e9 ser desonesto, n\u00e3o h\u00e1 qualquer raz\u00e3o ou viabilidade de se publicar os &#8220;fracassos&#8221;, ainda mais porque s\u00e3o muito mais volumosos que os &#8220;sucessos&#8221;. Tudo bem que at\u00e9 o que dizem ser sucesso recebe cr\u00edticas destruidoras, mas isso \u00e9 o que h\u00e1 de mais &#8220;s\u00f3lido&#8221;. Porque eles acreditam nisso mesmo diante das refuta\u00e7\u00f5es categ\u00f3ricas \u2013 problemas escabrosos e irremedi\u00e1veis no cerne das teorias \u2013 por que iriam abandonar a cren\u00e7a por causa de cr\u00edticas superficiais?<\/p>\n<p style=\"text-align: justify;\">N\u00e3o foi por falta de refuta\u00e7\u00e3o que as ideias de sempre permanecem, nem por falta de aviso, muito menos por falta de vergonha na cara \u2013 as confiss\u00f5es sobre profundas inconsist\u00eancias s\u00e3o bem conhecidas. Tentar qualquer varia\u00e7\u00e3o de argumentos \u00e9 apenas perda de tempo, \u00e9 como tentar dissuadir um torcedor fan\u00e1tico.<\/p>\n<p style=\"text-align: justify;\">O que \u00e9 preciso entender \u00e9 que as teorias n\u00e3o s\u00e3o o problema, mas como elas foram constru\u00eddas. Os m\u00e9todos cient\u00edficos dependem de abordagens, considera\u00e7\u00f5es e pressupostos que podem gerar resultados radicalmente diferentes e cen\u00e1rios dramaticamente contrastantes. Sim, h\u00e1 uma vasta gama de artif\u00edcios para driblar a realidade e justificar qualquer teoria apenas com considera\u00e7\u00f5es (e desconsidera\u00e7\u00f5es) sutis ao procedimento padr\u00e3o da ci\u00eancia. Especialmente nas ci\u00eancias hist\u00f3ricas. Tenho chamado isso de falsifica\u00e7\u00e3o da realidade. \u00c9 a\u00ed que a infer\u00eancia ao design foi preterida a priori e, ao percebermos isso tardiamente, constatamos o quanto a ci\u00eancia dilatou alguns dados e suprimiu outros construindo uma realidade \u00e0 parte do que estamos justificados a sustentar.<\/p>\n<p style=\"text-align: justify;\">E voc\u00eas precisam entender todas essas coisas.<\/p>\n<p style=\"text-align: justify;\">Alguns est\u00e3o ansiosos por uma &#8220;virada&#8221;, por uma hegemonia, quando a nossa maior vit\u00f3ria \u00e9 prevalecer em terreno desfavor\u00e1vel \u2013 nossos proponentes tem &#8220;varrido o ch\u00e3o&#8221; com membros de grandes centros acad\u00eamicos. E n\u00e3o ser\u00e1 diferente no Brasil.<\/p>\n<p>Sobre uma milit\u00e2ncia inversa:<\/p>\n<p style=\"text-align: justify;\">A esmagadora maioria das teorias cient\u00edficas n\u00e3o s\u00e3o ensinadas nas escolas. N\u00e3o h\u00e1 raz\u00f5es para que mais teorias sejam inclusas. Na verdade \u00e9 bem suspeito que teorias fr\u00e1geis e cheias de incertezas sejam ensinadas com as disciplinas tradicionais. Se algu\u00e9m pensa em introduzir teorias na base da for\u00e7a ou das legisla\u00e7\u00e3o, est\u00e1 seguindo um caminho autorit\u00e1rio. Hoje vemos outros ativistas tentando impor o que ficou conhecido como &#8220;ideologia de g\u00eanero&#8221; nas escolas desde a educa\u00e7\u00e3o b\u00e1sica.<\/p>\n<p style=\"text-align: justify;\">Em termos de contramilit\u00e2ncia, h\u00e1 o risco do surgimento de uma milit\u00e2ncia semelhante no sentido inverso, pois \u00e9 isso que pode parecer uma &#8220;Estrat\u00e9gia da Cunha&#8221;. Esse &#8220;pagar na mesma moeda&#8221; acaba por ser t\u00e3o prejudicial ao intelecto quanto o que a milit\u00e2ncia tem feito. Se \u00e0 primeira vista parece justo, n\u00e3o \u00e9 o que constatamos nos centros acad\u00eamicos. N\u00e3o \u00e9 tarde para lembrar que os crist\u00e3os <strong>n\u00e3o devem<\/strong> tentar mudar o mundo, isso segundo a pr\u00f3pria concep\u00e7\u00e3o da realidade, e de &#8220;mundo&#8221;, crist\u00e3. Tamb\u00e9m n\u00e3o \u00e9 tarde recordar que a infer\u00eancia ao design pode ser t\u00e3o nociva ao cristianismo quanto qualquer outra, por isso os que argumentam se sustentando no design devem ter ci\u00eancia da n\u00e3o exclusividade de suas conclus\u00f5es.<\/p>\n<p style=\"text-align: justify;\">Deixarei algumas considera\u00e7\u00f5es aqui sobre o cen\u00e1rio geral. S\u00e3o elas:<\/p>\n<p><center><\/p>\n<div style=\"width:90%\">\n<p style=\"text-align: justify;\">\u2606 O consenso da comunidade cient\u00edfica n\u00e3o \u00e9 crit\u00e9rio de verdade, nunca foi.<br \/>\n\u2606 A ci\u00eancia foi &#8220;rebatizada&#8221; como <em>conhecimento provis\u00f3rio<\/em> quando cansaram de perceber que boa parte das teorias sempre estava errada. Posteriormente contaminaram a ci\u00eancia convencional com essa &#8220;incerteza&#8221;.<br \/>\n\u2606 A demonstra\u00e7\u00e3o de erro em uma hip\u00f3tese n\u00e3o garante sua rejei\u00e7\u00e3o (o mesmo para conjunto de hip\u00f3teses e teorias).<br \/>\n\u2606 Os cientistas s\u00e3o ativamente motivados por suas convic\u00e7\u00f5es e protegem suas hip\u00f3teses.<br \/>\n\u2606 A comunidade cient\u00edfica n\u00e3o \u00e9 um todo coerente, h\u00e1 todo tipo de diverg\u00eancia e a maioria dos cientistas n\u00e3o se manifestam sobre temas pol\u00eamicos.<br \/>\n\u2606 A maior parte da comunidade cient\u00edfica sequer conhece o tema.<br \/>\n\u2606 Os que tomam algum conhecimento recebem uma vers\u00e3o enviesada atrav\u00e9s dos <strong>ativistas<\/strong>.<br \/>\n\u2606 A maioria esmagadora sequer leu qualquer obra dos nossos te\u00f3ricos.<br \/>\n\u2606 O cancelamento de nossos eventos se deve a press\u00e3o de <strong>ativistas<\/strong>.<br \/>\n\u2606 As manifesta\u00e7\u00f5es de institui\u00e7\u00f5es oficiais s\u00e3o tamb\u00e9m rea\u00e7\u00e3o mec\u00e2nica a press\u00e3o dos <strong>ativistas<\/strong>, n\u00e3o s\u00e3o baseadas em conhecimento sobre o assunto.<\/p>\n<\/div>\n<p><\/center><\/p>\n<p style=\"text-align: justify;\">Por isso o significado do Design Inteligente hoje n\u00e3o \u00e9 nem s\u00f3 a descri\u00e7\u00e3o mais econ\u00f4mica da natureza a ci\u00eancia, mas o despertar do sono induzido pelos falsificadores da realidade.<\/p>\n<p>Que a autodetermina\u00e7\u00e3o nos permita sempre despertar.<\/p>\n<p>&#8230;<\/p>\n","protected":false},"excerpt":{"rendered":"<div class=\"mh-excerpt\"><p>Dedicado a Phillip E. Johnson Aos mais fortes g\u00eanios de nosso tempo, que de alguma forma resistem ao ass\u00e9dio ideol\u00f3gico \u2013 porque \u00e9 necess\u00e1ria a <a class=\"mh-excerpt-more\" href=\"https:\/\/tdibrasil.org\/index.php\/2017\/09\/28\/carta-a-contramilitancia\/\" title=\"Carta \u00e0 Contramilit\u00e2ncia\">[&#8230;]<\/a><\/p>\n<\/div>","protected":false},"author":1,"featured_media":3005,"comment_status":"open","ping_status":"open","sticky":false,"template":"","format":"standard","meta":{"footnotes":""},"categories":[9,15,34],"tags":[113,116,149,245,262,289,472,494,716],"class_list":["post-2770","post","type-post","status-publish","format-standard","has-post-thumbnail","hentry","category-critica","category-epistemologia","category-opiniao","tag-ateismo","tag-ativismo","tag-brasil","tag-cristianismo","tag-darwinismo","tag-design-inteligente","tag-hegemonia","tag-ideologia","tag-paradigma"],"yoast_head":"<!-- This site is optimized with the Yoast SEO plugin v18.9 - https:\/\/yoast.com\/wordpress\/plugins\/seo\/ -->\n<title>Carta \u00e0 Contramilit\u00e2ncia &raquo; Portal TDI Brasil +<\/title>\n<meta name=\"description\" content=\"Dedicado a Phillip E. Johnson Aos mais fortes g\u00eanios de nosso tempo, que de alguma forma resistem ao ass\u00e9dio ideol\u00f3gico \u2013 porque \u00e9 necess\u00e1ria a maior\" \/>\n<meta name=\"robots\" content=\"index, follow, max-snippet:-1, max-image-preview:large, max-video-preview:-1\" \/>\n<link rel=\"canonical\" href=\"https:\/\/tdibrasil.org\/index.php\/2017\/09\/28\/carta-a-contramilitancia\/\" \/>\n<meta property=\"og:locale\" content=\"pt_BR\" \/>\n<meta property=\"og:type\" content=\"article\" \/>\n<meta property=\"og:title\" content=\"Carta \u00e0 Contramilit\u00e2ncia &raquo; Portal TDI Brasil +\" \/>\n<meta property=\"og:description\" content=\"Dedicado a Phillip E. Johnson Aos mais fortes g\u00eanios de nosso tempo, que de alguma forma resistem ao ass\u00e9dio ideol\u00f3gico \u2013 porque \u00e9 necess\u00e1ria a maior\" \/>\n<meta property=\"og:url\" content=\"https:\/\/tdibrasil.org\/index.php\/2017\/09\/28\/carta-a-contramilitancia\/\" \/>\n<meta property=\"og:site_name\" content=\"Portal TDI Brasil +\" \/>\n<meta property=\"article:publisher\" content=\"https:\/\/www.facebook.com\/TeoriadoDesignInteligente\/\" \/>\n<meta property=\"article:published_time\" content=\"2017-09-28T22:05:15+00:00\" \/>\n<meta property=\"og:image\" content=\"https:\/\/tdibrasil.org\/wp-content\/uploads\/2017\/09\/o-indio-e-o-lobo-i-1.jpg\" \/>\n\t<meta property=\"og:image:width\" content=\"550\" \/>\n\t<meta property=\"og:image:height\" content=\"309\" \/>\n\t<meta property=\"og:image:type\" content=\"image\/jpeg\" \/>\n<meta name=\"twitter:card\" content=\"summary_large_image\" \/>\n<meta name=\"twitter:label1\" content=\"Escrito por\" \/>\n\t<meta name=\"twitter:data1\" content=\"Eskelsen\" \/>\n\t<meta name=\"twitter:label2\" content=\"Est. tempo de leitura\" \/>\n\t<meta name=\"twitter:data2\" content=\"7 minutos\" \/>\n<script type=\"application\/ld+json\" class=\"yoast-schema-graph\">{\"@context\":\"https:\/\/schema.org\",\"@graph\":[{\"@type\":\"Organization\",\"@id\":\"https:\/\/tdibrasil.org\/#organization\",\"name\":\"TDI Brasil +\",\"url\":\"https:\/\/tdibrasil.org\/\",\"sameAs\":[\"https:\/\/www.facebook.com\/TeoriadoDesignInteligente\/\"],\"logo\":{\"@type\":\"ImageObject\",\"inLanguage\":\"pt-BR\",\"@id\":\"https:\/\/tdibrasil.org\/#\/schema\/logo\/image\/\",\"url\":\"https:\/\/tdibrasil.org\/wp-content\/uploads\/2020\/05\/whats.jpg\",\"contentUrl\":\"https:\/\/tdibrasil.org\/wp-content\/uploads\/2020\/05\/whats.jpg\",\"width\":512,\"height\":512,\"caption\":\"TDI Brasil +\"},\"image\":{\"@id\":\"https:\/\/tdibrasil.org\/#\/schema\/logo\/image\/\"}},{\"@type\":\"WebSite\",\"@id\":\"https:\/\/tdibrasil.org\/#website\",\"url\":\"https:\/\/tdibrasil.org\/\",\"name\":\"Portal TDI Brasil +\",\"description\":\"Teoria do Design Inteligente\",\"publisher\":{\"@id\":\"https:\/\/tdibrasil.org\/#organization\"},\"potentialAction\":[{\"@type\":\"SearchAction\",\"target\":{\"@type\":\"EntryPoint\",\"urlTemplate\":\"https:\/\/tdibrasil.org\/?s={search_term_string}\"},\"query-input\":\"required name=search_term_string\"}],\"inLanguage\":\"pt-BR\"},{\"@type\":\"ImageObject\",\"inLanguage\":\"pt-BR\",\"@id\":\"https:\/\/tdibrasil.org\/index.php\/2017\/09\/28\/carta-a-contramilitancia\/#primaryimage\",\"url\":\"https:\/\/tdibrasil.org\/wp-content\/uploads\/2017\/09\/o-indio-e-o-lobo-i-1.jpg\",\"contentUrl\":\"https:\/\/tdibrasil.org\/wp-content\/uploads\/2017\/09\/o-indio-e-o-lobo-i-1.jpg\",\"width\":550,\"height\":309,\"caption\":\"Lobos solit\u00e1rios s\u00e3o uma das formas\"},{\"@type\":\"WebPage\",\"@id\":\"https:\/\/tdibrasil.org\/index.php\/2017\/09\/28\/carta-a-contramilitancia\/#webpage\",\"url\":\"https:\/\/tdibrasil.org\/index.php\/2017\/09\/28\/carta-a-contramilitancia\/\",\"name\":\"Carta \u00e0 Contramilit\u00e2ncia &raquo; Portal TDI Brasil +\",\"isPartOf\":{\"@id\":\"https:\/\/tdibrasil.org\/#website\"},\"primaryImageOfPage\":{\"@id\":\"https:\/\/tdibrasil.org\/index.php\/2017\/09\/28\/carta-a-contramilitancia\/#primaryimage\"},\"datePublished\":\"2017-09-28T22:05:15+00:00\",\"dateModified\":\"2017-09-28T22:05:15+00:00\",\"description\":\"Dedicado a Phillip E. Johnson Aos mais fortes g\u00eanios de nosso tempo, que de alguma forma resistem ao ass\u00e9dio ideol\u00f3gico \u2013 porque \u00e9 necess\u00e1ria a maior\",\"breadcrumb\":{\"@id\":\"https:\/\/tdibrasil.org\/index.php\/2017\/09\/28\/carta-a-contramilitancia\/#breadcrumb\"},\"inLanguage\":\"pt-BR\",\"potentialAction\":[{\"@type\":\"ReadAction\",\"target\":[\"https:\/\/tdibrasil.org\/index.php\/2017\/09\/28\/carta-a-contramilitancia\/\"]}]},{\"@type\":\"BreadcrumbList\",\"@id\":\"https:\/\/tdibrasil.org\/index.php\/2017\/09\/28\/carta-a-contramilitancia\/#breadcrumb\",\"itemListElement\":[{\"@type\":\"ListItem\",\"position\":1,\"name\":\"In\u00edcio\",\"item\":\"https:\/\/tdibrasil.org\/\"},{\"@type\":\"ListItem\",\"position\":2,\"name\":\"Carta \u00e0 Contramilit\u00e2ncia\"}]},{\"@type\":\"Article\",\"@id\":\"https:\/\/tdibrasil.org\/index.php\/2017\/09\/28\/carta-a-contramilitancia\/#article\",\"isPartOf\":{\"@id\":\"https:\/\/tdibrasil.org\/index.php\/2017\/09\/28\/carta-a-contramilitancia\/#webpage\"},\"author\":{\"@id\":\"https:\/\/tdibrasil.org\/#\/schema\/person\/793b673d80540fcfafb86b5a908b3a03\"},\"headline\":\"Carta \u00e0 Contramilit\u00e2ncia\",\"datePublished\":\"2017-09-28T22:05:15+00:00\",\"dateModified\":\"2017-09-28T22:05:15+00:00\",\"mainEntityOfPage\":{\"@id\":\"https:\/\/tdibrasil.org\/index.php\/2017\/09\/28\/carta-a-contramilitancia\/#webpage\"},\"wordCount\":1336,\"commentCount\":1,\"publisher\":{\"@id\":\"https:\/\/tdibrasil.org\/#organization\"},\"image\":{\"@id\":\"https:\/\/tdibrasil.org\/index.php\/2017\/09\/28\/carta-a-contramilitancia\/#primaryimage\"},\"thumbnailUrl\":\"https:\/\/tdibrasil.org\/wp-content\/uploads\/2017\/09\/o-indio-e-o-lobo-i-1.jpg\",\"keywords\":[\"ate\u00edsmo\",\"Ativismo\",\"Brasil\",\"cristianismo\",\"darwinismo\",\"Design Inteligente\",\"hegemonia\",\"Ideologia\",\"paradigma\"],\"articleSection\":[\"Cr\u00edtica\",\"Epistemologia\",\"Opini\u00e3o\"],\"inLanguage\":\"pt-BR\",\"potentialAction\":[{\"@type\":\"CommentAction\",\"name\":\"Comment\",\"target\":[\"https:\/\/tdibrasil.org\/index.php\/2017\/09\/28\/carta-a-contramilitancia\/#respond\"]}]},{\"@type\":\"Person\",\"@id\":\"https:\/\/tdibrasil.org\/#\/schema\/person\/793b673d80540fcfafb86b5a908b3a03\",\"name\":\"Eskelsen\",\"image\":{\"@type\":\"ImageObject\",\"inLanguage\":\"pt-BR\",\"@id\":\"https:\/\/tdibrasil.org\/#\/schema\/person\/image\/\",\"url\":\"https:\/\/secure.gravatar.com\/avatar\/7a93691c6b95456c7cabcb146a25ef3c?s=96&d=mm&r=g\",\"contentUrl\":\"https:\/\/secure.gravatar.com\/avatar\/7a93691c6b95456c7cabcb146a25ef3c?s=96&d=mm&r=g\",\"caption\":\"Eskelsen\"},\"sameAs\":[\"https:\/\/tdibrasil.org\/index.php\/author\/eskelsen\/\"],\"url\":\"https:\/\/tdibrasil.org\/index.php\/author\/eskelsen\/\"}]}<\/script>\n<!-- \/ Yoast SEO plugin. -->","yoast_head_json":{"title":"Carta \u00e0 Contramilit\u00e2ncia &raquo; Portal TDI Brasil +","description":"Dedicado a Phillip E. Johnson Aos mais fortes g\u00eanios de nosso tempo, que de alguma forma resistem ao ass\u00e9dio ideol\u00f3gico \u2013 porque \u00e9 necess\u00e1ria a maior","robots":{"index":"index","follow":"follow","max-snippet":"max-snippet:-1","max-image-preview":"max-image-preview:large","max-video-preview":"max-video-preview:-1"},"canonical":"https:\/\/tdibrasil.org\/index.php\/2017\/09\/28\/carta-a-contramilitancia\/","og_locale":"pt_BR","og_type":"article","og_title":"Carta \u00e0 Contramilit\u00e2ncia &raquo; Portal TDI Brasil +","og_description":"Dedicado a Phillip E. Johnson Aos mais fortes g\u00eanios de nosso tempo, que de alguma forma resistem ao ass\u00e9dio ideol\u00f3gico \u2013 porque \u00e9 necess\u00e1ria a maior","og_url":"https:\/\/tdibrasil.org\/index.php\/2017\/09\/28\/carta-a-contramilitancia\/","og_site_name":"Portal TDI Brasil +","article_publisher":"https:\/\/www.facebook.com\/TeoriadoDesignInteligente\/","article_published_time":"2017-09-28T22:05:15+00:00","og_image":[{"width":550,"height":309,"url":"https:\/\/tdibrasil.org\/wp-content\/uploads\/2017\/09\/o-indio-e-o-lobo-i-1.jpg","type":"image\/jpeg"}],"twitter_card":"summary_large_image","twitter_misc":{"Escrito por":"Eskelsen","Est. tempo de leitura":"7 minutos"},"schema":{"@context":"https:\/\/schema.org","@graph":[{"@type":"Organization","@id":"https:\/\/tdibrasil.org\/#organization","name":"TDI Brasil +","url":"https:\/\/tdibrasil.org\/","sameAs":["https:\/\/www.facebook.com\/TeoriadoDesignInteligente\/"],"logo":{"@type":"ImageObject","inLanguage":"pt-BR","@id":"https:\/\/tdibrasil.org\/#\/schema\/logo\/image\/","url":"https:\/\/tdibrasil.org\/wp-content\/uploads\/2020\/05\/whats.jpg","contentUrl":"https:\/\/tdibrasil.org\/wp-content\/uploads\/2020\/05\/whats.jpg","width":512,"height":512,"caption":"TDI Brasil +"},"image":{"@id":"https:\/\/tdibrasil.org\/#\/schema\/logo\/image\/"}},{"@type":"WebSite","@id":"https:\/\/tdibrasil.org\/#website","url":"https:\/\/tdibrasil.org\/","name":"Portal TDI Brasil +","description":"Teoria do Design Inteligente","publisher":{"@id":"https:\/\/tdibrasil.org\/#organization"},"potentialAction":[{"@type":"SearchAction","target":{"@type":"EntryPoint","urlTemplate":"https:\/\/tdibrasil.org\/?s={search_term_string}"},"query-input":"required name=search_term_string"}],"inLanguage":"pt-BR"},{"@type":"ImageObject","inLanguage":"pt-BR","@id":"https:\/\/tdibrasil.org\/index.php\/2017\/09\/28\/carta-a-contramilitancia\/#primaryimage","url":"https:\/\/tdibrasil.org\/wp-content\/uploads\/2017\/09\/o-indio-e-o-lobo-i-1.jpg","contentUrl":"https:\/\/tdibrasil.org\/wp-content\/uploads\/2017\/09\/o-indio-e-o-lobo-i-1.jpg","width":550,"height":309,"caption":"Lobos solit\u00e1rios s\u00e3o uma das formas"},{"@type":"WebPage","@id":"https:\/\/tdibrasil.org\/index.php\/2017\/09\/28\/carta-a-contramilitancia\/#webpage","url":"https:\/\/tdibrasil.org\/index.php\/2017\/09\/28\/carta-a-contramilitancia\/","name":"Carta \u00e0 Contramilit\u00e2ncia &raquo; Portal TDI Brasil +","isPartOf":{"@id":"https:\/\/tdibrasil.org\/#website"},"primaryImageOfPage":{"@id":"https:\/\/tdibrasil.org\/index.php\/2017\/09\/28\/carta-a-contramilitancia\/#primaryimage"},"datePublished":"2017-09-28T22:05:15+00:00","dateModified":"2017-09-28T22:05:15+00:00","description":"Dedicado a Phillip E. Johnson Aos mais fortes g\u00eanios de nosso tempo, que de alguma forma resistem ao ass\u00e9dio ideol\u00f3gico \u2013 porque \u00e9 necess\u00e1ria a maior","breadcrumb":{"@id":"https:\/\/tdibrasil.org\/index.php\/2017\/09\/28\/carta-a-contramilitancia\/#breadcrumb"},"inLanguage":"pt-BR","potentialAction":[{"@type":"ReadAction","target":["https:\/\/tdibrasil.org\/index.php\/2017\/09\/28\/carta-a-contramilitancia\/"]}]},{"@type":"BreadcrumbList","@id":"https:\/\/tdibrasil.org\/index.php\/2017\/09\/28\/carta-a-contramilitancia\/#breadcrumb","itemListElement":[{"@type":"ListItem","position":1,"name":"In\u00edcio","item":"https:\/\/tdibrasil.org\/"},{"@type":"ListItem","position":2,"name":"Carta \u00e0 Contramilit\u00e2ncia"}]},{"@type":"Article","@id":"https:\/\/tdibrasil.org\/index.php\/2017\/09\/28\/carta-a-contramilitancia\/#article","isPartOf":{"@id":"https:\/\/tdibrasil.org\/index.php\/2017\/09\/28\/carta-a-contramilitancia\/#webpage"},"author":{"@id":"https:\/\/tdibrasil.org\/#\/schema\/person\/793b673d80540fcfafb86b5a908b3a03"},"headline":"Carta \u00e0 Contramilit\u00e2ncia","datePublished":"2017-09-28T22:05:15+00:00","dateModified":"2017-09-28T22:05:15+00:00","mainEntityOfPage":{"@id":"https:\/\/tdibrasil.org\/index.php\/2017\/09\/28\/carta-a-contramilitancia\/#webpage"},"wordCount":1336,"commentCount":1,"publisher":{"@id":"https:\/\/tdibrasil.org\/#organization"},"image":{"@id":"https:\/\/tdibrasil.org\/index.php\/2017\/09\/28\/carta-a-contramilitancia\/#primaryimage"},"thumbnailUrl":"https:\/\/tdibrasil.org\/wp-content\/uploads\/2017\/09\/o-indio-e-o-lobo-i-1.jpg","keywords":["ate\u00edsmo","Ativismo","Brasil","cristianismo","darwinismo","Design Inteligente","hegemonia","Ideologia","paradigma"],"articleSection":["Cr\u00edtica","Epistemologia","Opini\u00e3o"],"inLanguage":"pt-BR","potentialAction":[{"@type":"CommentAction","name":"Comment","target":["https:\/\/tdibrasil.org\/index.php\/2017\/09\/28\/carta-a-contramilitancia\/#respond"]}]},{"@type":"Person","@id":"https:\/\/tdibrasil.org\/#\/schema\/person\/793b673d80540fcfafb86b5a908b3a03","name":"Eskelsen","image":{"@type":"ImageObject","inLanguage":"pt-BR","@id":"https:\/\/tdibrasil.org\/#\/schema\/person\/image\/","url":"https:\/\/secure.gravatar.com\/avatar\/7a93691c6b95456c7cabcb146a25ef3c?s=96&d=mm&r=g","contentUrl":"https:\/\/secure.gravatar.com\/avatar\/7a93691c6b95456c7cabcb146a25ef3c?s=96&d=mm&r=g","caption":"Eskelsen"},"sameAs":["https:\/\/tdibrasil.org\/index.php\/author\/eskelsen\/"],"url":"https:\/\/tdibrasil.org\/index.php\/author\/eskelsen\/"}]}},"_links":{"self":[{"href":"https:\/\/tdibrasil.org\/index.php\/wp-json\/wp\/v2\/posts\/2770"}],"collection":[{"href":"https:\/\/tdibrasil.org\/index.php\/wp-json\/wp\/v2\/posts"}],"about":[{"href":"https:\/\/tdibrasil.org\/index.php\/wp-json\/wp\/v2\/types\/post"}],"author":[{"embeddable":true,"href":"https:\/\/tdibrasil.org\/index.php\/wp-json\/wp\/v2\/users\/1"}],"replies":[{"embeddable":true,"href":"https:\/\/tdibrasil.org\/index.php\/wp-json\/wp\/v2\/comments?post=2770"}],"version-history":[{"count":0,"href":"https:\/\/tdibrasil.org\/index.php\/wp-json\/wp\/v2\/posts\/2770\/revisions"}],"wp:featuredmedia":[{"embeddable":true,"href":"https:\/\/tdibrasil.org\/index.php\/wp-json\/wp\/v2\/media\/3005"}],"wp:attachment":[{"href":"https:\/\/tdibrasil.org\/index.php\/wp-json\/wp\/v2\/media?parent=2770"}],"wp:term":[{"taxonomy":"category","embeddable":true,"href":"https:\/\/tdibrasil.org\/index.php\/wp-json\/wp\/v2\/categories?post=2770"},{"taxonomy":"post_tag","embeddable":true,"href":"https:\/\/tdibrasil.org\/index.php\/wp-json\/wp\/v2\/tags?post=2770"}],"curies":[{"name":"wp","href":"https:\/\/api.w.org\/{rel}","templated":true}]}}