{"id":2729,"date":"2017-05-26T09:44:45","date_gmt":"2017-05-26T12:44:45","guid":{"rendered":"http:\/\/tdibrasil.org\/?p=2729"},"modified":"2017-05-26T09:44:45","modified_gmt":"2017-05-26T12:44:45","slug":"debate-na-jovem-pan-design-eberlin-x-darwin-fabio","status":"publish","type":"post","link":"https:\/\/tdibrasil.org\/index.php\/2017\/05\/26\/debate-na-jovem-pan-design-eberlin-x-darwin-fabio\/","title":{"rendered":"Debate na Jovem Pan: Design (Eberlin) X Darwin (F\u00e1bio)"},"content":{"rendered":"<p>\nEsse foi um debate que aconteceu na Jovem Pan entre o Dr. Eberlin (Qu\u00edmico) e o Dr. F\u00e1bio (Bi\u00f3logo) sobre o m\u00e9rito cient\u00edfico da Teoria do Design Inteligente.<br \/>\n<br \/>\nhttps:\/\/www.youtube.com\/watch?v=-H-hZ1xyJbU<\/p>\n","protected":false},"excerpt":{"rendered":"<div class=\"mh-excerpt\"><p>Esse foi um debate que aconteceu na Jovem Pan entre o Dr. Eberlin (Qu\u00edmico) e o Dr. F\u00e1bio (Bi\u00f3logo) sobre o m\u00e9rito cient\u00edfico da Teoria <a class=\"mh-excerpt-more\" href=\"https:\/\/tdibrasil.org\/index.php\/2017\/05\/26\/debate-na-jovem-pan-design-eberlin-x-darwin-fabio\/\" title=\"Debate na Jovem Pan: Design (Eberlin) X Darwin (F\u00e1bio)\">[&#8230;]<\/a><\/p>\n<\/div>","protected":false},"author":1,"featured_media":2730,"comment_status":"open","ping_status":"open","sticky":false,"template":"","format":"standard","meta":{"footnotes":""},"categories":[25],"tags":[178,267,289,322,383,542,600],"class_list":["post-2729","post","type-post","status-publish","format-standard","has-post-thumbnail","hentry","category-geral","tag-ciencia","tag-debate","tag-design-inteligente","tag-eberlin","tag-evolucao","tag-jovem-pan","tag-metodo"],"yoast_head":"<!-- This site is optimized with the Yoast SEO plugin v18.9 - https:\/\/yoast.com\/wordpress\/plugins\/seo\/ -->\n<title>Debate na Jovem Pan: Design (Eberlin) X Darwin (F\u00e1bio) &raquo; Portal TDI Brasil +<\/title>\n<meta name=\"description\" content=\"Esse foi um debate que aconteceu na Jovem Pan entre o Dr. Eberlin (Qu\u00edmico) e o Dr. F\u00e1bio (Bi\u00f3logo) sobre o m\u00e9rito cient\u00edfico da Teoria do Design\" \/>\n<meta name=\"robots\" content=\"index, follow, max-snippet:-1, max-image-preview:large, max-video-preview:-1\" \/>\n<link rel=\"canonical\" href=\"https:\/\/tdibrasil.org\/index.php\/2017\/05\/26\/debate-na-jovem-pan-design-eberlin-x-darwin-fabio\/\" \/>\n<meta property=\"og:locale\" content=\"pt_BR\" \/>\n<meta property=\"og:type\" content=\"article\" \/>\n<meta property=\"og:title\" content=\"Debate na Jovem Pan: Design (Eberlin) X Darwin (F\u00e1bio) &raquo; Portal TDI Brasil +\" \/>\n<meta property=\"og:description\" content=\"Esse foi um debate que aconteceu na Jovem Pan entre o Dr. Eberlin (Qu\u00edmico) e o Dr. F\u00e1bio (Bi\u00f3logo) sobre o m\u00e9rito cient\u00edfico da Teoria do Design\" \/>\n<meta property=\"og:url\" content=\"https:\/\/tdibrasil.org\/index.php\/2017\/05\/26\/debate-na-jovem-pan-design-eberlin-x-darwin-fabio\/\" \/>\n<meta property=\"og:site_name\" content=\"Portal TDI Brasil +\" \/>\n<meta property=\"article:publisher\" content=\"https:\/\/www.facebook.com\/TeoriadoDesignInteligente\/\" \/>\n<meta property=\"article:published_time\" content=\"2017-05-26T12:44:45+00:00\" \/>\n<meta property=\"og:image\" content=\"https:\/\/tdibrasil.org\/wp-content\/uploads\/2017\/05\/jp-1.png\" \/>\n\t<meta property=\"og:image:width\" content=\"528\" \/>\n\t<meta property=\"og:image:height\" content=\"402\" \/>\n\t<meta property=\"og:image:type\" content=\"image\/png\" \/>\n<meta name=\"twitter:card\" content=\"summary_large_image\" \/>\n<meta name=\"twitter:label1\" content=\"Escrito por\" \/>\n\t<meta name=\"twitter:data1\" content=\"Eskelsen\" \/>\n<script type=\"application\/ld+json\" class=\"yoast-schema-graph\">{\"@context\":\"https:\/\/schema.org\",\"@graph\":[{\"@type\":\"Organization\",\"@id\":\"https:\/\/tdibrasil.org\/#organization\",\"name\":\"TDI Brasil +\",\"url\":\"https:\/\/tdibrasil.org\/\",\"sameAs\":[\"https:\/\/www.facebook.com\/TeoriadoDesignInteligente\/\"],\"logo\":{\"@type\":\"ImageObject\",\"inLanguage\":\"pt-BR\",\"@id\":\"https:\/\/tdibrasil.org\/#\/schema\/logo\/image\/\",\"url\":\"https:\/\/tdibrasil.org\/wp-content\/uploads\/2020\/05\/whats.jpg\",\"contentUrl\":\"https:\/\/tdibrasil.org\/wp-content\/uploads\/2020\/05\/whats.jpg\",\"width\":512,\"height\":512,\"caption\":\"TDI Brasil +\"},\"image\":{\"@id\":\"https:\/\/tdibrasil.org\/#\/schema\/logo\/image\/\"}},{\"@type\":\"WebSite\",\"@id\":\"https:\/\/tdibrasil.org\/#website\",\"url\":\"https:\/\/tdibrasil.org\/\",\"name\":\"Portal TDI Brasil +\",\"description\":\"Teoria do Design Inteligente\",\"publisher\":{\"@id\":\"https:\/\/tdibrasil.org\/#organization\"},\"potentialAction\":[{\"@type\":\"SearchAction\",\"target\":{\"@type\":\"EntryPoint\",\"urlTemplate\":\"https:\/\/tdibrasil.org\/?s={search_term_string}\"},\"query-input\":\"required name=search_term_string\"}],\"inLanguage\":\"pt-BR\"},{\"@type\":\"ImageObject\",\"inLanguage\":\"pt-BR\",\"@id\":\"https:\/\/tdibrasil.org\/index.php\/2017\/05\/26\/debate-na-jovem-pan-design-eberlin-x-darwin-fabio\/#primaryimage\",\"url\":\"https:\/\/tdibrasil.org\/wp-content\/uploads\/2017\/05\/jp-1.png\",\"contentUrl\":\"https:\/\/tdibrasil.org\/wp-content\/uploads\/2017\/05\/jp-1.png\",\"width\":528,\"height\":402},{\"@type\":\"WebPage\",\"@id\":\"https:\/\/tdibrasil.org\/index.php\/2017\/05\/26\/debate-na-jovem-pan-design-eberlin-x-darwin-fabio\/#webpage\",\"url\":\"https:\/\/tdibrasil.org\/index.php\/2017\/05\/26\/debate-na-jovem-pan-design-eberlin-x-darwin-fabio\/\",\"name\":\"Debate na Jovem Pan: Design (Eberlin) X Darwin (F\u00e1bio) &raquo; Portal TDI Brasil +\",\"isPartOf\":{\"@id\":\"https:\/\/tdibrasil.org\/#website\"},\"primaryImageOfPage\":{\"@id\":\"https:\/\/tdibrasil.org\/index.php\/2017\/05\/26\/debate-na-jovem-pan-design-eberlin-x-darwin-fabio\/#primaryimage\"},\"datePublished\":\"2017-05-26T12:44:45+00:00\",\"dateModified\":\"2017-05-26T12:44:45+00:00\",\"description\":\"Esse foi um debate que aconteceu na Jovem Pan entre o Dr. Eberlin (Qu\u00edmico) e o Dr. F\u00e1bio (Bi\u00f3logo) sobre o m\u00e9rito cient\u00edfico da Teoria do Design\",\"breadcrumb\":{\"@id\":\"https:\/\/tdibrasil.org\/index.php\/2017\/05\/26\/debate-na-jovem-pan-design-eberlin-x-darwin-fabio\/#breadcrumb\"},\"inLanguage\":\"pt-BR\",\"potentialAction\":[{\"@type\":\"ReadAction\",\"target\":[\"https:\/\/tdibrasil.org\/index.php\/2017\/05\/26\/debate-na-jovem-pan-design-eberlin-x-darwin-fabio\/\"]}]},{\"@type\":\"BreadcrumbList\",\"@id\":\"https:\/\/tdibrasil.org\/index.php\/2017\/05\/26\/debate-na-jovem-pan-design-eberlin-x-darwin-fabio\/#breadcrumb\",\"itemListElement\":[{\"@type\":\"ListItem\",\"position\":1,\"name\":\"In\u00edcio\",\"item\":\"https:\/\/tdibrasil.org\/\"},{\"@type\":\"ListItem\",\"position\":2,\"name\":\"Debate na Jovem Pan: Design (Eberlin) X Darwin (F\u00e1bio)\"}]},{\"@type\":\"Article\",\"@id\":\"https:\/\/tdibrasil.org\/index.php\/2017\/05\/26\/debate-na-jovem-pan-design-eberlin-x-darwin-fabio\/#article\",\"isPartOf\":{\"@id\":\"https:\/\/tdibrasil.org\/index.php\/2017\/05\/26\/debate-na-jovem-pan-design-eberlin-x-darwin-fabio\/#webpage\"},\"author\":{\"@id\":\"https:\/\/tdibrasil.org\/#\/schema\/person\/793b673d80540fcfafb86b5a908b3a03\"},\"headline\":\"Debate na Jovem Pan: Design (Eberlin) X Darwin (F\u00e1bio)\",\"datePublished\":\"2017-05-26T12:44:45+00:00\",\"dateModified\":\"2017-05-26T12:44:45+00:00\",\"mainEntityOfPage\":{\"@id\":\"https:\/\/tdibrasil.org\/index.php\/2017\/05\/26\/debate-na-jovem-pan-design-eberlin-x-darwin-fabio\/#webpage\"},\"wordCount\":51,\"commentCount\":0,\"publisher\":{\"@id\":\"https:\/\/tdibrasil.org\/#organization\"},\"image\":{\"@id\":\"https:\/\/tdibrasil.org\/index.php\/2017\/05\/26\/debate-na-jovem-pan-design-eberlin-x-darwin-fabio\/#primaryimage\"},\"thumbnailUrl\":\"https:\/\/tdibrasil.org\/wp-content\/uploads\/2017\/05\/jp-1.png\",\"keywords\":[\"Ci\u00eancia\",\"debate\",\"Design Inteligente\",\"Eberlin\",\"evolu\u00e7\u00e3o\",\"Jovem Pan\",\"M\u00e9todo\"],\"articleSection\":[\"Geral\"],\"inLanguage\":\"pt-BR\",\"potentialAction\":[{\"@type\":\"CommentAction\",\"name\":\"Comment\",\"target\":[\"https:\/\/tdibrasil.org\/index.php\/2017\/05\/26\/debate-na-jovem-pan-design-eberlin-x-darwin-fabio\/#respond\"]}]},{\"@type\":\"Person\",\"@id\":\"https:\/\/tdibrasil.org\/#\/schema\/person\/793b673d80540fcfafb86b5a908b3a03\",\"name\":\"Eskelsen\",\"image\":{\"@type\":\"ImageObject\",\"inLanguage\":\"pt-BR\",\"@id\":\"https:\/\/tdibrasil.org\/#\/schema\/person\/image\/\",\"url\":\"https:\/\/secure.gravatar.com\/avatar\/7a93691c6b95456c7cabcb146a25ef3c?s=96&d=mm&r=g\",\"contentUrl\":\"https:\/\/secure.gravatar.com\/avatar\/7a93691c6b95456c7cabcb146a25ef3c?s=96&d=mm&r=g\",\"caption\":\"Eskelsen\"},\"sameAs\":[\"https:\/\/tdibrasil.org\/index.php\/author\/eskelsen\/\"],\"url\":\"https:\/\/tdibrasil.org\/index.php\/author\/eskelsen\/\"}]}<\/script>\n<!-- \/ Yoast SEO plugin. -->","yoast_head_json":{"title":"Debate na Jovem Pan: Design (Eberlin) X Darwin (F\u00e1bio) &raquo; Portal TDI Brasil +","description":"Esse foi um debate que aconteceu na Jovem Pan entre o Dr. Eberlin (Qu\u00edmico) e o Dr. F\u00e1bio (Bi\u00f3logo) sobre o m\u00e9rito cient\u00edfico da Teoria do Design","robots":{"index":"index","follow":"follow","max-snippet":"max-snippet:-1","max-image-preview":"max-image-preview:large","max-video-preview":"max-video-preview:-1"},"canonical":"https:\/\/tdibrasil.org\/index.php\/2017\/05\/26\/debate-na-jovem-pan-design-eberlin-x-darwin-fabio\/","og_locale":"pt_BR","og_type":"article","og_title":"Debate na Jovem Pan: Design (Eberlin) X Darwin (F\u00e1bio) &raquo; Portal TDI Brasil +","og_description":"Esse foi um debate que aconteceu na Jovem Pan entre o Dr. Eberlin (Qu\u00edmico) e o Dr. F\u00e1bio (Bi\u00f3logo) sobre o m\u00e9rito cient\u00edfico da Teoria do Design","og_url":"https:\/\/tdibrasil.org\/index.php\/2017\/05\/26\/debate-na-jovem-pan-design-eberlin-x-darwin-fabio\/","og_site_name":"Portal TDI Brasil +","article_publisher":"https:\/\/www.facebook.com\/TeoriadoDesignInteligente\/","article_published_time":"2017-05-26T12:44:45+00:00","og_image":[{"width":528,"height":402,"url":"https:\/\/tdibrasil.org\/wp-content\/uploads\/2017\/05\/jp-1.png","type":"image\/png"}],"twitter_card":"summary_large_image","twitter_misc":{"Escrito por":"Eskelsen"},"schema":{"@context":"https:\/\/schema.org","@graph":[{"@type":"Organization","@id":"https:\/\/tdibrasil.org\/#organization","name":"TDI Brasil +","url":"https:\/\/tdibrasil.org\/","sameAs":["https:\/\/www.facebook.com\/TeoriadoDesignInteligente\/"],"logo":{"@type":"ImageObject","inLanguage":"pt-BR","@id":"https:\/\/tdibrasil.org\/#\/schema\/logo\/image\/","url":"https:\/\/tdibrasil.org\/wp-content\/uploads\/2020\/05\/whats.jpg","contentUrl":"https:\/\/tdibrasil.org\/wp-content\/uploads\/2020\/05\/whats.jpg","width":512,"height":512,"caption":"TDI Brasil +"},"image":{"@id":"https:\/\/tdibrasil.org\/#\/schema\/logo\/image\/"}},{"@type":"WebSite","@id":"https:\/\/tdibrasil.org\/#website","url":"https:\/\/tdibrasil.org\/","name":"Portal TDI Brasil +","description":"Teoria do Design Inteligente","publisher":{"@id":"https:\/\/tdibrasil.org\/#organization"},"potentialAction":[{"@type":"SearchAction","target":{"@type":"EntryPoint","urlTemplate":"https:\/\/tdibrasil.org\/?s={search_term_string}"},"query-input":"required name=search_term_string"}],"inLanguage":"pt-BR"},{"@type":"ImageObject","inLanguage":"pt-BR","@id":"https:\/\/tdibrasil.org\/index.php\/2017\/05\/26\/debate-na-jovem-pan-design-eberlin-x-darwin-fabio\/#primaryimage","url":"https:\/\/tdibrasil.org\/wp-content\/uploads\/2017\/05\/jp-1.png","contentUrl":"https:\/\/tdibrasil.org\/wp-content\/uploads\/2017\/05\/jp-1.png","width":528,"height":402},{"@type":"WebPage","@id":"https:\/\/tdibrasil.org\/index.php\/2017\/05\/26\/debate-na-jovem-pan-design-eberlin-x-darwin-fabio\/#webpage","url":"https:\/\/tdibrasil.org\/index.php\/2017\/05\/26\/debate-na-jovem-pan-design-eberlin-x-darwin-fabio\/","name":"Debate na Jovem Pan: Design (Eberlin) X Darwin (F\u00e1bio) &raquo; Portal TDI Brasil +","isPartOf":{"@id":"https:\/\/tdibrasil.org\/#website"},"primaryImageOfPage":{"@id":"https:\/\/tdibrasil.org\/index.php\/2017\/05\/26\/debate-na-jovem-pan-design-eberlin-x-darwin-fabio\/#primaryimage"},"datePublished":"2017-05-26T12:44:45+00:00","dateModified":"2017-05-26T12:44:45+00:00","description":"Esse foi um debate que aconteceu na Jovem Pan entre o Dr. Eberlin (Qu\u00edmico) e o Dr. F\u00e1bio (Bi\u00f3logo) sobre o m\u00e9rito cient\u00edfico da Teoria do Design","breadcrumb":{"@id":"https:\/\/tdibrasil.org\/index.php\/2017\/05\/26\/debate-na-jovem-pan-design-eberlin-x-darwin-fabio\/#breadcrumb"},"inLanguage":"pt-BR","potentialAction":[{"@type":"ReadAction","target":["https:\/\/tdibrasil.org\/index.php\/2017\/05\/26\/debate-na-jovem-pan-design-eberlin-x-darwin-fabio\/"]}]},{"@type":"BreadcrumbList","@id":"https:\/\/tdibrasil.org\/index.php\/2017\/05\/26\/debate-na-jovem-pan-design-eberlin-x-darwin-fabio\/#breadcrumb","itemListElement":[{"@type":"ListItem","position":1,"name":"In\u00edcio","item":"https:\/\/tdibrasil.org\/"},{"@type":"ListItem","position":2,"name":"Debate na Jovem Pan: Design (Eberlin) X Darwin (F\u00e1bio)"}]},{"@type":"Article","@id":"https:\/\/tdibrasil.org\/index.php\/2017\/05\/26\/debate-na-jovem-pan-design-eberlin-x-darwin-fabio\/#article","isPartOf":{"@id":"https:\/\/tdibrasil.org\/index.php\/2017\/05\/26\/debate-na-jovem-pan-design-eberlin-x-darwin-fabio\/#webpage"},"author":{"@id":"https:\/\/tdibrasil.org\/#\/schema\/person\/793b673d80540fcfafb86b5a908b3a03"},"headline":"Debate na Jovem Pan: Design (Eberlin) X Darwin (F\u00e1bio)","datePublished":"2017-05-26T12:44:45+00:00","dateModified":"2017-05-26T12:44:45+00:00","mainEntityOfPage":{"@id":"https:\/\/tdibrasil.org\/index.php\/2017\/05\/26\/debate-na-jovem-pan-design-eberlin-x-darwin-fabio\/#webpage"},"wordCount":51,"commentCount":0,"publisher":{"@id":"https:\/\/tdibrasil.org\/#organization"},"image":{"@id":"https:\/\/tdibrasil.org\/index.php\/2017\/05\/26\/debate-na-jovem-pan-design-eberlin-x-darwin-fabio\/#primaryimage"},"thumbnailUrl":"https:\/\/tdibrasil.org\/wp-content\/uploads\/2017\/05\/jp-1.png","keywords":["Ci\u00eancia","debate","Design Inteligente","Eberlin","evolu\u00e7\u00e3o","Jovem Pan","M\u00e9todo"],"articleSection":["Geral"],"inLanguage":"pt-BR","potentialAction":[{"@type":"CommentAction","name":"Comment","target":["https:\/\/tdibrasil.org\/index.php\/2017\/05\/26\/debate-na-jovem-pan-design-eberlin-x-darwin-fabio\/#respond"]}]},{"@type":"Person","@id":"https:\/\/tdibrasil.org\/#\/schema\/person\/793b673d80540fcfafb86b5a908b3a03","name":"Eskelsen","image":{"@type":"ImageObject","inLanguage":"pt-BR","@id":"https:\/\/tdibrasil.org\/#\/schema\/person\/image\/","url":"https:\/\/secure.gravatar.com\/avatar\/7a93691c6b95456c7cabcb146a25ef3c?s=96&d=mm&r=g","contentUrl":"https:\/\/secure.gravatar.com\/avatar\/7a93691c6b95456c7cabcb146a25ef3c?s=96&d=mm&r=g","caption":"Eskelsen"},"sameAs":["https:\/\/tdibrasil.org\/index.php\/author\/eskelsen\/"],"url":"https:\/\/tdibrasil.org\/index.php\/author\/eskelsen\/"}]}},"_links":{"self":[{"href":"https:\/\/tdibrasil.org\/index.php\/wp-json\/wp\/v2\/posts\/2729"}],"collection":[{"href":"https:\/\/tdibrasil.org\/index.php\/wp-json\/wp\/v2\/posts"}],"about":[{"href":"https:\/\/tdibrasil.org\/index.php\/wp-json\/wp\/v2\/types\/post"}],"author":[{"embeddable":true,"href":"https:\/\/tdibrasil.org\/index.php\/wp-json\/wp\/v2\/users\/1"}],"replies":[{"embeddable":true,"href":"https:\/\/tdibrasil.org\/index.php\/wp-json\/wp\/v2\/comments?post=2729"}],"version-history":[{"count":0,"href":"https:\/\/tdibrasil.org\/index.php\/wp-json\/wp\/v2\/posts\/2729\/revisions"}],"wp:featuredmedia":[{"embeddable":true,"href":"https:\/\/tdibrasil.org\/index.php\/wp-json\/wp\/v2\/media\/2730"}],"wp:attachment":[{"href":"https:\/\/tdibrasil.org\/index.php\/wp-json\/wp\/v2\/media?parent=2729"}],"wp:term":[{"taxonomy":"category","embeddable":true,"href":"https:\/\/tdibrasil.org\/index.php\/wp-json\/wp\/v2\/categories?post=2729"},{"taxonomy":"post_tag","embeddable":true,"href":"https:\/\/tdibrasil.org\/index.php\/wp-json\/wp\/v2\/tags?post=2729"}],"curies":[{"name":"wp","href":"https:\/\/api.w.org\/{rel}","templated":true}]}}